{"id":147678,"date":"2022-05-14T11:42:26","date_gmt":"2022-05-14T15:42:26","guid":{"rendered":"https:\/\/linitiative.ca\/International\/m-alj-appelle-a-plus-dimplication-du-secteur-prive\/"},"modified":"2022-05-14T11:42:26","modified_gmt":"2022-05-14T15:42:26","slug":"m-alj-appelle-a-plus-dimplication-du-secteur-prive","status":"publish","type":"post","link":"https:\/\/linitiative.ca\/International\/m-alj-appelle-a-plus-dimplication-du-secteur-prive\/","title":{"rendered":"M. Alj appelle \u00e0 plus d\u2019implication du secteur priv\u00e9"},"content":{"rendered":"<div>\n<div style=\"margin-bottom:20px;\"><img loading=\"lazy\" decoding=\"async\" width=\"750\" height=\"430\" src=\"https:\/\/linitiative.ca\/International\/wp-content\/uploads\/sites\/23\/2022\/05\/alj-business-dialogue-copier.jpg\" class=\"attachment-post-thumbnail size-post-thumbnail wp-post-image\" alt=\"\" srcset=\"https:\/\/linitiative.ca\/International\/wp-content\/uploads\/sites\/23\/2022\/05\/alj-business-dialogue-copier.jpg 750w, https:\/\/www.mapmarrakech.ma\/map\/uploads\/2022\/05\/alj-business-dialogue-copier-300x172.jpg 300w\" sizes=\"auto, (max-width: 750px) 100vw, 750px\"><\/div>\n<p>\u00ab\u00a0Le Maroc a connu des \u00e9volutions positives et importantes, sur les plans juridique, institutionnel permettant de mieux appr\u00e9hender la question de l\u2019eau\u00a0\u00bb, a-t-il soulign\u00e9, vendredi \u00e0 Marrakech, \u00e0 l\u2019ouverture du Business Dialogue sur l\u2019eau, plac\u00e9 sous le th\u00e8me \u00ab\u00a0la gestion des risques des ressources en eau, au service du d\u00e9veloppement local et des partenariats publics-priv\u00e9s\u202f\u00a0\u00bb.<\/p>\n<p>Le Royaume est en effet situ\u00e9 dans une r\u00e9gion parmi les plus impact\u00e9es par les effets d\u00e9l\u00e9t\u00e8res des changements climatiques et l\u2019eau est le principal secteur impact\u00e9, a-t-il dit, ajoutant que cela se manifeste par une rar\u00e9faction des ressources hydriques, par l\u2019accentuation des ph\u00e9nom\u00e8nes climatiques extr\u00eames, par une succession de p\u00e9riodes de s\u00e9cheresse et par une r\u00e9partition disparate de la pluviom\u00e9trie entre les r\u00e9gions.<\/p>\n<p>Pour faire face \u00e0 ces d\u00e9fis, M. Alj a soulign\u00e9 l\u2019imp\u00e9ratif\u00a0d\u2019agir ensemble en op\u00e9rant en urgence des choix et des d\u00e9cisions strat\u00e9giques. \u00ab\u00a0Il s\u2019agit d\u2019une responsabilit\u00e9 partag\u00e9e\u00a0\u00bb, a-t-il dit, saluant les actions ambitieuses qui ont \u00e9t\u00e9 entreprises dans ce sens, notamment les mesures d\u2019urgence adopt\u00e9es par le minist\u00e8re de l\u2019\u00c9quipement et de l\u2019Eau pour r\u00e9duire les risques li\u00e9s \u00e0 la s\u00e9cheresse.<\/p>\n<p>Le Patron des patrons a \u00e9galement pr\u00e9conis\u00e9 l\u2019utilisation des eaux non conventionnelles par un d\u00e9veloppement plus important de nouvelles solutions pour la mobilisation des ressources hydriques par le biais notamment de technologies de dessalement d\u2019eau de mer durables utilisant les \u00e9nergies renouvelables, mais \u00e9galement la r\u00e9utilisation des eaux us\u00e9es trait\u00e9es.<\/p>\n<p>Il s\u2019agit aussi de la cr\u00e9ation d\u2019un cadre r\u00e9glementaire pour l\u2019efficacit\u00e9 hydrique \u00e0 l\u2019image de ce qui a \u00e9t\u00e9 r\u00e9alis\u00e9 pour l\u2019efficacit\u00e9 \u00e9nerg\u00e9tique, en engageant un effort de d\u00e9finition de ce concept, sa standardisation au niveau national, et une r\u00e9glementation qui lui soit d\u00e9di\u00e9e afin de pousser \u00e0 l\u2019optimisation de l\u2019usage de cette ressource, a poursuivi M. Alj.<\/p>\n<p>Et de pr\u00e9ciser: \u00ab\u00a0Tout ceci peut \u00eatre atteint moyennant une gouvernance du secteur de l\u2019eau assurant l\u2019implication en amont du secteur priv\u00e9 et des autres parties prenantes dans les politiques de planification, ou encore le recours \u00e0 des modes de financement innovants gr\u00e2ce au partenariat public-priv\u00e9 ou \u00e0 l\u2019investissement purement priv\u00e9 pour certains projets\u00a0\u00bb.<\/p>\n<p>Il a par ailleurs fait observer que dans un pays o\u00f9 l\u2019agriculture occupe une place pr\u00e9pond\u00e9rante, des solutions pour un usage optimis\u00e9 de l\u2019eau se d\u00e9veloppent de mani\u00e8re consid\u00e9rable \u00e0 travers l\u2019agritech et la water-tech.<\/p>\n<p>Et d\u2019ajouter que des technologies innovantes se multiplient \u00e9galement, depuis plusieurs ann\u00e9es d\u00e9j\u00e0, dans l\u2019accompagnement des industries pour une meilleure efficacit\u00e9 et efficience hydrique, le dimensionnement et l\u2019installation de stations d\u2019\u00e9puration des eaux us\u00e9es.<\/p>\n<p>M. Alj a, en outre, fait savoir que le livre bleu \u00e9dit\u00e9 par la Coalition Marocaine pour l\u2019eau contient plusieurs recommandations pertinentes et op\u00e9rationnelles, fruit de contribution des diff\u00e9rents acteurs de l\u2019eau\u202f: public, priv\u00e9, soci\u00e9t\u00e9 civile et monde de la science.<\/p>\n<p>De son c\u00f4t\u00e9, Houria Tazi Sadeq, pr\u00e9sidente de la Coalition Marocaine pour l\u2019eau (COALMA), a indiqu\u00e9 que \u00ab\u00a0le Maroc a toujours eu pleine conscience de la valeur de l\u2019eau\u00a0\u00bb, faisant observer que la question de l\u2019eau constitue une cl\u00e9 de d\u00e9veloppement et un \u00ab\u00a0rassembleur d\u2019int\u00e9r\u00eat g\u00e9n\u00e9ral\u00a0\u00bb.<\/p>\n<p>Mme Sadeq a \u00e9galement mis en exergue les d\u00e9fis de taille auxquels fait face le secteur, notant que ceux-ci exigent des mesures ad\u00e9quates \u00e0 m\u00eame de r\u00e9duire les risques li\u00e9s particuli\u00e8rement \u00e0 la s\u00e9cheresse.<\/p>\n<p>\u00ab\u00a0Nous sommes dans un monde globalis\u00e9 et soumis \u00e0 des contraintes et des limites\u00a0\u00bb, a-t-elle dit, faisant remarquer que la comp\u00e9titivit\u00e9 passe par une r\u00e9orientation vers des m\u00e9thodes et solutions nouvelles.<\/p>\n<p>Initi\u00e9e conjointement par la CGEM et la COALMA, cette deuxi\u00e8me \u00e9dition du Business Dialogue sur l\u2019eau\u00a0r\u00e9unit les parties prenantes marocaines et internationales publiques et priv\u00e9es afin de partager leurs retours d\u2019exp\u00e9rience, d\u2019\u00e9changer autour des opportunit\u00e9s d\u2019affaires et de permettre aux diff\u00e9rents acteurs de contribuer \u00e0 la r\u00e9flexion sur la gestion des risques des ressources en eau, en particulier au niveau les territoires.<\/p>\n<p>The post <a rel=\"nofollow\" href=\"https:\/\/www.mapmarrakech.ma\/fr\/m-alj-appelle-a-plus-dimplication-du-secteur-prive\/\">M. Alj appelle \u00e0 plus d\u2019implication du secteur priv\u00e9<\/a> appeared first on <a rel=\"nofollow\" href=\"https:\/\/www.mapmarrakech.ma\/fr\">MapMarrakech<\/a>.<\/p>\n<\/div>\n<p>Auteur: Meriem IGASS<br \/>\n<a href=\"https:\/\/www.mapmarrakech.ma\/fr\/m-alj-appelle-a-plus-dimplication-du-secteur-prive\/\">Cliquez ici pour lire l&rsquo;article depuis sa source.<\/a><\/p>\n","protected":false},"excerpt":{"rendered":"<p>\u00ab\u00a0Le Maroc a connu des \u00e9volutions positives et importantes, sur les plans juridique, institutionnel permettant de mieux appr\u00e9hender la question de l\u2019eau\u00a0\u00bb, a-t-il soulign\u00e9, vendredi \u00e0 Marrakech, \u00e0 l\u2019ouverture du Business Dialogue sur l\u2019eau, plac\u00e9 sous le th\u00e8me \u00ab\u00a0la gestion des risques des ressources en eau, au service du d\u00e9veloppement local et des partenariats publics-priv\u00e9s\u202f\u00a0\u00bb. [&hellip;]<\/p>\n","protected":false},"author":1788,"featured_media":0,"comment_status":"closed","ping_status":"closed","sticky":false,"template":"","format":"standard","meta":{"fifu_image_url":"https:\/\/www.mapmarrakech.ma\/map\/uploads\/2022\/05\/alj-business-dialogue-copier.jpg","fifu_image_alt":"M. Alj appelle \u00e0 plus d\u2019implication du secteur priv\u00e9","footnotes":""},"categories":[54,76],"tags":[],"class_list":["post-147678","post","type-post","status-publish","format-standard","hentry","category-maroc","category-regions"],"_links":{"self":[{"href":"https:\/\/linitiative.ca\/International\/wp-json\/wp\/v2\/posts\/147678","targetHints":{"allow":["GET"]}}],"collection":[{"href":"https:\/\/linitiative.ca\/International\/wp-json\/wp\/v2\/posts"}],"about":[{"href":"https:\/\/linitiative.ca\/International\/wp-json\/wp\/v2\/types\/post"}],"author":[{"embeddable":true,"href":"https:\/\/linitiative.ca\/International\/wp-json\/wp\/v2\/users\/1788"}],"replies":[{"embeddable":true,"href":"https:\/\/linitiative.ca\/International\/wp-json\/wp\/v2\/comments?post=147678"}],"version-history":[{"count":0,"href":"https:\/\/linitiative.ca\/International\/wp-json\/wp\/v2\/posts\/147678\/revisions"}],"wp:attachment":[{"href":"https:\/\/linitiative.ca\/International\/wp-json\/wp\/v2\/media?parent=147678"}],"wp:term":[{"taxonomy":"category","embeddable":true,"href":"https:\/\/linitiative.ca\/International\/wp-json\/wp\/v2\/categories?post=147678"},{"taxonomy":"post_tag","embeddable":true,"href":"https:\/\/linitiative.ca\/International\/wp-json\/wp\/v2\/tags?post=147678"}],"curies":[{"name":"wp","href":"https:\/\/api.w.org\/{rel}","templated":true}]}}