{"id":147680,"date":"2022-05-14T12:22:43","date_gmt":"2022-05-14T16:22:43","guid":{"rendered":"https:\/\/linitiative.ca\/International\/necessite-de-rendre-le-secteur-de-la-transition-energetique-encore-plus-attractif\/"},"modified":"2022-05-14T12:22:43","modified_gmt":"2022-05-14T16:22:43","slug":"necessite-de-rendre-le-secteur-de-la-transition-energetique-encore-plus-attractif","status":"publish","type":"post","link":"https:\/\/linitiative.ca\/International\/necessite-de-rendre-le-secteur-de-la-transition-energetique-encore-plus-attractif\/","title":{"rendered":"N\u00e9cessit\u00e9 de rendre le secteur de la transition \u00e9nerg\u00e9tique encore plus attractif"},"content":{"rendered":"<div>\n<div style=\"margin-bottom:20px;\"><img loading=\"lazy\" decoding=\"async\" width=\"750\" height=\"430\" src=\"https:\/\/linitiative.ca\/International\/wp-content\/uploads\/sites\/23\/2022\/05\/benali-copier.jpg\" class=\"attachment-post-thumbnail size-post-thumbnail wp-post-image\" alt=\"\" srcset=\"https:\/\/linitiative.ca\/International\/wp-content\/uploads\/sites\/23\/2022\/05\/benali-copier.jpg 750w, https:\/\/www.mapmarrakech.ma\/map\/uploads\/2022\/05\/benali-copier-300x172.jpg 300w\" sizes=\"auto, (max-width: 750px) 100vw, 750px\"><\/div>\n<p>\u00ab\u00a0Il est n\u00e9cessaire de rendre le secteur de la transition \u00e9nerg\u00e9tique encore plus attractif pour les investisseurs nationaux et internationaux\u00a0\u00bb, a indiqu\u00e9 Mme Benali qui intervenait lors d\u2019un panel du Forum des affaires de la Banque Europ\u00e9enne de Reconstruction et de D\u00e9veloppement (BERD), plac\u00e9 sous le th\u00e8me \u00ab\u00a0Transition \u00e9nerg\u00e9tique: Opportunit\u00e9s d\u2019investissement en faveur du climat\u00a0\u00bb.<\/p>\n<p>La ministre a \u00e0 ce propos insist\u00e9 sur l\u2019importance de simplifier les proc\u00e9dures administratives et d\u2019am\u00e9liorer le climat des affaires \u00e0 m\u00eame de donner une visibilit\u00e9 notamment aux investisseurs \u00e9trangers d\u00e9sireux de s\u2019implanter au Maroc.<\/p>\n<p>Elle a dans ce contexte mis en avant l\u2019engagement du Maroc vers une transition inclusive, rappelant que les fondements de base de la politique \u00e9nerg\u00e9tique nationale sont la durabilit\u00e9, y compris la durabilit\u00e9 financi\u00e8re, la flexibilit\u00e9, et la comp\u00e9titivit\u00e9.<\/p>\n<p>De son c\u00f4t\u00e9, le directeur g\u00e9n\u00e9rale de l\u2019Office National de l\u2019\u00c9lectricit\u00e9 et de l\u2019Eau potable (ONEE), Abderrahim El Hafidi a mis en exergue les r\u00e9alisations et les choix strat\u00e9giques qui ont \u00e9t\u00e9 op\u00e9r\u00e9s par le Royaume pour placer les \u00e9nergies propres au c\u0153ur du \u00ab\u00a0Mix \u00e9lectrique national\u00a0\u00bb et au centre de la comp\u00e9titivit\u00e9 de l\u2019\u00e9conomie nationale.<\/p>\n<p>Ces choix strat\u00e9giques, a-t-il dit, avaient g\u00e9n\u00e9r\u00e9 des \u00e9volutions importantes et des mutations profondes sur tous les plans du secteur \u00e9lectrique au niveau national, soulignant que ceux-ci avaient ainsi des impacts consid\u00e9rables sur l\u2019\u00e9conomie.<\/p>\n<p>La directrice g\u00e9n\u00e9rale pour le secteur des infrastructures durables \u00e0 la BERD, Nandita Parshad a soulign\u00e9, quant \u00e0 elle, que le Maroc est\u00a0dot\u00e9 de grandes capacit\u00e9s dans le domaines des \u00e9nergies renouvelables, soulignant l\u2019int\u00e9r\u00eat majeur de faire de l\u2019offre marocaine en la mati\u00e8re un des \u00e9l\u00e9ments cl\u00e9 de l\u2019attractivit\u00e9 \u00e9conomique du Royaume.<\/p>\n<p>Le Maroc dispose d\u2019une vision strat\u00e9gique dans les\u00a0domaines des \u00e9nergies vertes, a affirm\u00e9 Mme Parshad, insistant sur l\u2019importance de multiplier davantage les investissements en la mati\u00e8re.<\/p>\n<p>Pour sa part, le pr\u00e9sident de la Commission \u00e9conomie verte de la Conf\u00e9d\u00e9ration g\u00e9n\u00e9rale des entreprises du Maroc (CGEM), Said ElHadi\u00a0a indiqu\u00e9 qu\u2019en termes d\u2019opportunit\u00e9s d\u2019investissement, le Maroc a des ressources exceptionnelles en mati\u00e8re de capacit\u00e9s \u00e9oliennes et solaires parmi les meilleurs au monde.<\/p>\n<p>Dans ce sillage, il a not\u00e9 que le monde conna\u00eet un mouvement de transition acc\u00e9l\u00e9r\u00e9, faisant observer que cela g\u00e9n\u00e8re une multitude d\u2019opportunit\u00e9s d\u2019investissement au niveau national, notamment dans l\u2019acc\u00e9l\u00e9ration de la p\u00e9n\u00e9tration des \u00e9nergies renouvelables mais \u00e9galement dans l\u2019hydrog\u00e8ne vert.<\/p>\n<p>Le Forum des affaires de la Banque Europ\u00e9enne de Reconstruction et de D\u00e9veloppement, tenu en parall\u00e8le avec la 31\u00e8me assembl\u00e9e g\u00e9n\u00e9rale de la Banque, s\u2019impose en tant que plateforme idoine pour explorer les opportunit\u00e9s d\u2019investissement et nouer des liens durables d\u2019affaires.<\/p>\n<p>Plac\u00e9e sous le Haut Patronage de SM le Roi Mohammed VI, la 31\u00e8me assembl\u00e9e g\u00e9n\u00e9rale de la BERD, tenue \u00e0 Marrakech, r\u00e9unit les repr\u00e9sentants des 73 pays et actionnaires institutionnels de la Banque, dont le Maroc.<\/p>\n<p>Premier rassemblement physique de la BERD depuis Sarajevo en 2019, cet \u00e9v\u00e9nement, plac\u00e9 sous le th\u00e8me \u00ab\u00a0Relever les d\u00e9fis dans un monde turbulent\u00a0\u00bb, se veut une occasion pour d\u00e9battre des d\u00e9fis mondiaux tels que le soutien \u00e0 la croissance \u00e9conomique, la lutte contre le changement climatique et le renforcement de l\u2019environnement des affaires dans les r\u00e9gions o\u00f9 la Banque investit.<\/p>\n<p>The post <a rel=\"nofollow\" href=\"https:\/\/www.mapmarrakech.ma\/fr\/necessite-de-rendre-le-secteur-de-la-transition-energetique-encore-plus-attractif\/\">N\u00e9cessit\u00e9 de rendre le secteur de la transition \u00e9nerg\u00e9tique encore plus attractif<\/a> appeared first on <a rel=\"nofollow\" href=\"https:\/\/www.mapmarrakech.ma\/fr\">MapMarrakech<\/a>.<\/p>\n<\/div>\n<p>Auteur: Meriem IGASS<br \/>\n<a href=\"https:\/\/www.mapmarrakech.ma\/fr\/necessite-de-rendre-le-secteur-de-la-transition-energetique-encore-plus-attractif\/\">Cliquez ici pour lire l&rsquo;article depuis sa source.<\/a><\/p>\n","protected":false},"excerpt":{"rendered":"<p>\u00ab\u00a0Il est n\u00e9cessaire de rendre le secteur de la transition \u00e9nerg\u00e9tique encore plus attractif pour les investisseurs nationaux et internationaux\u00a0\u00bb, a indiqu\u00e9 Mme Benali qui intervenait lors d\u2019un panel du Forum des affaires de la Banque Europ\u00e9enne de Reconstruction et de D\u00e9veloppement (BERD), plac\u00e9 sous le th\u00e8me \u00ab\u00a0Transition \u00e9nerg\u00e9tique: Opportunit\u00e9s d\u2019investissement en faveur du climat\u00a0\u00bb. [&hellip;]<\/p>\n","protected":false},"author":1788,"featured_media":0,"comment_status":"closed","ping_status":"closed","sticky":false,"template":"","format":"standard","meta":{"fifu_image_url":"https:\/\/www.mapmarrakech.ma\/map\/uploads\/2022\/05\/benali-copier.jpg","fifu_image_alt":"N\u00e9cessit\u00e9 de rendre le secteur de la transition \u00e9nerg\u00e9tique encore plus attractif","footnotes":""},"categories":[54,76],"tags":[],"class_list":["post-147680","post","type-post","status-publish","format-standard","hentry","category-maroc","category-regions"],"_links":{"self":[{"href":"https:\/\/linitiative.ca\/International\/wp-json\/wp\/v2\/posts\/147680","targetHints":{"allow":["GET"]}}],"collection":[{"href":"https:\/\/linitiative.ca\/International\/wp-json\/wp\/v2\/posts"}],"about":[{"href":"https:\/\/linitiative.ca\/International\/wp-json\/wp\/v2\/types\/post"}],"author":[{"embeddable":true,"href":"https:\/\/linitiative.ca\/International\/wp-json\/wp\/v2\/users\/1788"}],"replies":[{"embeddable":true,"href":"https:\/\/linitiative.ca\/International\/wp-json\/wp\/v2\/comments?post=147680"}],"version-history":[{"count":0,"href":"https:\/\/linitiative.ca\/International\/wp-json\/wp\/v2\/posts\/147680\/revisions"}],"wp:attachment":[{"href":"https:\/\/linitiative.ca\/International\/wp-json\/wp\/v2\/media?parent=147680"}],"wp:term":[{"taxonomy":"category","embeddable":true,"href":"https:\/\/linitiative.ca\/International\/wp-json\/wp\/v2\/categories?post=147680"},{"taxonomy":"post_tag","embeddable":true,"href":"https:\/\/linitiative.ca\/International\/wp-json\/wp\/v2\/tags?post=147680"}],"curies":[{"name":"wp","href":"https:\/\/api.w.org\/{rel}","templated":true}]}}