{"id":147682,"date":"2022-05-14T13:02:41","date_gmt":"2022-05-14T17:02:41","guid":{"rendered":"https:\/\/linitiative.ca\/International\/la-roumanie-salue-le-role-du-maroc-en-tant-que-pole-regional-de-stabilite-en-afrique\/"},"modified":"2022-05-14T13:02:41","modified_gmt":"2022-05-14T17:02:41","slug":"la-roumanie-salue-le-role-du-maroc-en-tant-que-pole-regional-de-stabilite-en-afrique","status":"publish","type":"post","link":"https:\/\/linitiative.ca\/International\/la-roumanie-salue-le-role-du-maroc-en-tant-que-pole-regional-de-stabilite-en-afrique\/","title":{"rendered":"La Roumanie salue le r\u00f4le du Maroc en tant que p\u00f4le r\u00e9gional de stabilit\u00e9 en Afrique"},"content":{"rendered":"<div>\n<div style=\"margin-bottom:20px;\"><img loading=\"lazy\" decoding=\"async\" width=\"750\" height=\"430\" src=\"https:\/\/linitiative.ca\/International\/wp-content\/uploads\/sites\/23\/2022\/05\/roumanie-bourita-copier.jpg\" class=\"attachment-post-thumbnail size-post-thumbnail wp-post-image\" alt=\"\" srcset=\"https:\/\/linitiative.ca\/International\/wp-content\/uploads\/sites\/23\/2022\/05\/roumanie-bourita-copier.jpg 750w, https:\/\/www.mapmarrakech.ma\/map\/uploads\/2022\/05\/roumanie-bourita-copier-300x172.jpg 300w\" sizes=\"auto, (max-width: 750px) 100vw, 750px\"><\/div>\n<p>Dans un communiqu\u00e9 conjoint publi\u00e9 \u00e0 l\u2019issue de ses entretiens avec le ministre des Affaires Etrang\u00e8res, de la Coop\u00e9ration africaine et des Marocains R\u00e9sidant \u00e0 l\u2019Etranger, M. Nasser Bourita, le chef de la diplomatie roumaine a rappel\u00e9 l\u2019engagement constant de la Roumanie en faveur du renforcement du partenariat strat\u00e9gique liant le Maroc \u00e0 l\u2019UE, r\u00e9it\u00e9rant l\u2019importance accord\u00e9e \u00e0 la mise en \u0153uvre de la D\u00e9claration politique conjointe de juin 2019.<\/p>\n<p>Dans ce sens, il a r\u00e9affirm\u00e9 l\u2019appui de la Roumanie au maintien et \u00e0 la stabilit\u00e9 de la relation multiforme maroco-europ\u00e9enne, y compris tous ses accords sectoriels.<\/p>\n<p>M. Aurescu a \u00e9galement soulign\u00e9 l\u2019engagement de la Roumanie pour accompagner et soutenir le renforcement du partenariat strat\u00e9gique entre l\u2019UE et le Maroc, son voisinage du Sud et la zone euro-africaine, afin d\u2019apporter des r\u00e9ponses communes \u00e0 tous les d\u00e9fis auxquels ces r\u00e9gions sont confront\u00e9es, particuli\u00e8rement en termes de s\u00e9curit\u00e9, de stabilit\u00e9, de migration et de d\u00e9veloppement socio-\u00e9conomique et humain.<\/p>\n<p>M. Aurescu a, de m\u00eame, salu\u00e9 les efforts d\u00e9ploy\u00e9s par le Royaume sous la conduite de Sa Majest\u00e9 le Roi Mohammed VI pour cr\u00e9er une dynamique d\u2019ouverture, de progr\u00e8s et de modernit\u00e9, bas\u00e9e sur le Nouveau Mod\u00e8le de D\u00e9veloppement et sur la promotion d\u2019une r\u00e9gionalisation avanc\u00e9e au Royaume.<\/p>\n<p>Pour sa part, M.Bourita a salu\u00e9 la contribution op\u00e9rationnelle de la Roumanie dans le rapatriement d\u2019environ 1500 \u00e9tudiants marocains en Ukraine et l\u2019assistance qui leur a \u00e9t\u00e9 apport\u00e9e aux fronti\u00e8res et sur le territoire roumain par les autorit\u00e9s roumaines et la soci\u00e9t\u00e9 civile, r\u00e9it\u00e9rant l\u2019invitation \u00e0 M. Aurescu de se rendre au Maroc dans le cadre d\u2019une visite officielle et d\u2019un Forum \u00e9conomique entre la communaut\u00e9 des Affaires dans les deux pays.<\/p>\n<p>MM. Bourita et Aurescu se sont f\u00e9licit\u00e9s des relations historiques et d\u2019amiti\u00e9 liant le Maroc et la Roumanie qui c\u00e9l\u00e8brent cette ann\u00e9e le 60\u00e8me anniversaire de l\u2019\u00e9tablissement de leurs relations diplomatiques.<\/p>\n<p>Ils ont, \u00e9galement, salu\u00e9 la dynamique positive des relations bilat\u00e9rales aux niveaux politique, \u00e9conomique, culturel et universitaire, ainsi que de l\u2019excellente coordination des deux pays au sein des organisations internationales.<\/p>\n<p>The post <a rel=\"nofollow\" href=\"https:\/\/www.mapmarrakech.ma\/fr\/la-roumanie-salue-le-role-du-maroc-en-tant-que-pole-regional-de-stabilite-en-afrique\/\">La Roumanie salue le r\u00f4le du Maroc en tant que p\u00f4le r\u00e9gional de stabilit\u00e9 en Afrique<\/a> appeared first on <a rel=\"nofollow\" href=\"https:\/\/www.mapmarrakech.ma\/fr\">MapMarrakech<\/a>.<\/p>\n<\/div>\n<p>Auteur: Meriem IGASS<br \/>\n<a href=\"https:\/\/www.mapmarrakech.ma\/fr\/la-roumanie-salue-le-role-du-maroc-en-tant-que-pole-regional-de-stabilite-en-afrique\/\">Cliquez ici pour lire l&rsquo;article depuis sa source.<\/a><\/p>\n","protected":false},"excerpt":{"rendered":"<p>Dans un communiqu\u00e9 conjoint publi\u00e9 \u00e0 l\u2019issue de ses entretiens avec le ministre des Affaires Etrang\u00e8res, de la Coop\u00e9ration africaine et des Marocains R\u00e9sidant \u00e0 l\u2019Etranger, M. Nasser Bourita, le chef de la diplomatie roumaine a rappel\u00e9 l\u2019engagement constant de la Roumanie en faveur du renforcement du partenariat strat\u00e9gique liant le Maroc \u00e0 l\u2019UE, r\u00e9it\u00e9rant [&hellip;]<\/p>\n","protected":false},"author":1788,"featured_media":0,"comment_status":"closed","ping_status":"closed","sticky":false,"template":"","format":"standard","meta":{"fifu_image_url":"https:\/\/www.mapmarrakech.ma\/map\/uploads\/2022\/05\/roumanie-bourita-copier.jpg","fifu_image_alt":"La Roumanie salue le r\u00f4le du Maroc en tant que p\u00f4le r\u00e9gional de stabilit\u00e9 en Afrique","footnotes":""},"categories":[54,76],"tags":[],"class_list":["post-147682","post","type-post","status-publish","format-standard","hentry","category-maroc","category-regions"],"_links":{"self":[{"href":"https:\/\/linitiative.ca\/International\/wp-json\/wp\/v2\/posts\/147682","targetHints":{"allow":["GET"]}}],"collection":[{"href":"https:\/\/linitiative.ca\/International\/wp-json\/wp\/v2\/posts"}],"about":[{"href":"https:\/\/linitiative.ca\/International\/wp-json\/wp\/v2\/types\/post"}],"author":[{"embeddable":true,"href":"https:\/\/linitiative.ca\/International\/wp-json\/wp\/v2\/users\/1788"}],"replies":[{"embeddable":true,"href":"https:\/\/linitiative.ca\/International\/wp-json\/wp\/v2\/comments?post=147682"}],"version-history":[{"count":0,"href":"https:\/\/linitiative.ca\/International\/wp-json\/wp\/v2\/posts\/147682\/revisions"}],"wp:attachment":[{"href":"https:\/\/linitiative.ca\/International\/wp-json\/wp\/v2\/media?parent=147682"}],"wp:term":[{"taxonomy":"category","embeddable":true,"href":"https:\/\/linitiative.ca\/International\/wp-json\/wp\/v2\/categories?post=147682"},{"taxonomy":"post_tag","embeddable":true,"href":"https:\/\/linitiative.ca\/International\/wp-json\/wp\/v2\/tags?post=147682"}],"curies":[{"name":"wp","href":"https:\/\/api.w.org\/{rel}","templated":true}]}}