{"id":147684,"date":"2022-05-14T13:23:09","date_gmt":"2022-05-14T17:23:09","guid":{"rendered":"https:\/\/linitiative.ca\/International\/ceremonie-de-signature-du-roman-mon-frere-fantome-de-mahi-binebine\/"},"modified":"2022-05-14T13:23:09","modified_gmt":"2022-05-14T17:23:09","slug":"ceremonie-de-signature-du-roman-mon-frere-fantome-de-mahi-binebine","status":"publish","type":"post","link":"https:\/\/linitiative.ca\/International\/ceremonie-de-signature-du-roman-mon-frere-fantome-de-mahi-binebine\/","title":{"rendered":"C\u00e9r\u00e9monie de signature du roman \u00ab\u00a0Mon Fr\u00e8re Fant\u00f4me\u00a0\u00bb de Mahi Binebine"},"content":{"rendered":"<div>\n<div style=\"margin-bottom:20px;\"><img loading=\"lazy\" decoding=\"async\" width=\"750\" height=\"430\" src=\"https:\/\/linitiative.ca\/International\/wp-content\/uploads\/sites\/23\/2022\/05\/mahi-binbine-copier.jpg\" class=\"attachment-post-thumbnail size-post-thumbnail wp-post-image\" alt=\"\" srcset=\"https:\/\/linitiative.ca\/International\/wp-content\/uploads\/sites\/23\/2022\/05\/mahi-binbine-copier.jpg 750w, https:\/\/www.mapmarrakech.ma\/map\/uploads\/2022\/05\/mahi-binbine-copier-300x172.jpg 300w\" sizes=\"auto, (max-width: 750px) 100vw, 750px\"><\/div>\n<p>Publi\u00e9 chez Les \u00c9ditions Le Fennec, cet ouvrage de 227 pages chevauche entre conte social et roman initiatique pour entra\u00eener le lecteur au c\u0153ur de l\u2019ancienne m\u00e9dina de la cit\u00e9 ocre, \u00e0 travers l\u2019histoire de deux personnages qui cohabitent dans un m\u00eame corps.<\/p>\n<p>N\u00e9 dans les ruelles obscures de Marrakech, d\u2019une m\u00e8re sans le sou mais pleine d\u2019espoir, le jeune Kamal donnerait tout pour faire entrer le soleil dans la maison familiale. Il poss\u00e8de le don des langues, l\u2019instinct de la rencontre, l\u2019habilet\u00e9 du dialogue. Il veut r\u00e9ussir, s\u2019en sortir. Mais dans son corps cohabitent deux personnages, qui ne sont d\u2019accord sur rien. \u00c0 la fois fr\u00e8res siamois et fr\u00e8res ennemis, l\u2019un entreprend quand l\u2019autre paresse.<\/p>\n<p>L\u2019un est adepte de l\u2019ordre quand l\u2019autre se compla\u00eet dans le chaos. Qui des deux l\u2019emportera sur l\u2019autre ? Alors que l\u2019ombre des immenses eucalyptus se confond avec la poussi\u00e8re des moteurs de mobylettes trafiqu\u00e9s, Kamal court \u00e0 la recherche de son avenir.<\/p>\n<p>\u00ab\u00a0J\u2019ai choisi ce lieu magnifique pour la premi\u00e8re pr\u00e9sentation Maroc de mon dernier roman +Mon Fr\u00e8re Fant\u00f4me+ qui raconte l\u2019histoire de deux personnages qui cohabitent dans un m\u00eame corps, qui se disputent, se chamaillent\u2026\u00a0\u00bb, a soulign\u00e9 M. Binebine dans une d\u00e9claration \u00e0 M24, la cha\u00eene t\u00e9l\u00e9vis\u00e9e d\u2019information en continu de la MAP, en marge de la c\u00e9r\u00e9monie de signature.<\/p>\n<p>\u00ab\u00a0C\u2019est un personnage double qui s\u2019appelle Kamel et je raconte un peu son histoire, sympathique mais tragique aussi vers la fin\u00a0\u00bb, a relev\u00e9 le peintre, sculpteur, romancier, membre actif de la Soci\u00e9t\u00e9 Civile et \u00ab\u00a0enfant de Marrakech\u00a0\u00bb, qui vient de signer son douzi\u00e8me roman, dont \u00ab\u00a0Les \u00e9toiles de Sidi Moumen\u00a0\u00bb, qui a \u00e9t\u00e9 adapt\u00e9 au cin\u00e9ma par Nabil Ayouch sous le titre Les chevaux de Dieu (prim\u00e9 \u00e0 Cannes).<\/p>\n<p>Dans un cadre magique, merveilleux presque irr\u00e9el ou la culture rencontre la jeunesse et la cr\u00e9ativit\u00e9, cette c\u00e9r\u00e9monie s\u2019est ouverte avec une lecture de passages \u00e9mouvants du roman par l\u2019auteur lui-m\u00eame, accompagn\u00e9e du luth enchanteur du grand maitre, M. Abderrahim Saher.<\/p>\n<p>Il s\u2019en est suivie la pr\u00e9sentation du roman et les diff\u00e9rentes lectures de haut niveau d\u2019un parterre d\u2019acad\u00e9miciens, d\u2019\u00e9tudiants, d\u2019artistes, d\u2019\u00e9crivains et de penseurs, notamment Edgar Morin, Sabah Abou Essalam et Fouad Laaroui.<\/p>\n<p>The post <a rel=\"nofollow\" href=\"https:\/\/www.mapmarrakech.ma\/fr\/ceremonie-de-signature-du-livre-mon-frere-fantome-de-mahi-binebine\/\">C\u00e9r\u00e9monie de signature du roman \u00ab\u00a0Mon Fr\u00e8re Fant\u00f4me\u00a0\u00bb de Mahi Binebine<\/a> appeared first on <a rel=\"nofollow\" href=\"https:\/\/www.mapmarrakech.ma\/fr\">MapMarrakech<\/a>.<\/p>\n<\/div>\n<p>Auteur: Meriem IGASS<br \/>\n<a href=\"https:\/\/www.mapmarrakech.ma\/fr\/ceremonie-de-signature-du-livre-mon-frere-fantome-de-mahi-binebine\/\">Cliquez ici pour lire l&rsquo;article depuis sa source.<\/a><\/p>\n","protected":false},"excerpt":{"rendered":"<p>Publi\u00e9 chez Les \u00c9ditions Le Fennec, cet ouvrage de 227 pages chevauche entre conte social et roman initiatique pour entra\u00eener le lecteur au c\u0153ur de l\u2019ancienne m\u00e9dina de la cit\u00e9 ocre, \u00e0 travers l\u2019histoire de deux personnages qui cohabitent dans un m\u00eame corps. N\u00e9 dans les ruelles obscures de Marrakech, d\u2019une m\u00e8re sans le sou [&hellip;]<\/p>\n","protected":false},"author":1788,"featured_media":0,"comment_status":"closed","ping_status":"closed","sticky":false,"template":"","format":"standard","meta":{"fifu_image_url":"https:\/\/www.mapmarrakech.ma\/map\/uploads\/2022\/05\/mahi-binbine-copier.jpg","fifu_image_alt":"C\u00e9r\u00e9monie de signature du roman \u00ab\u00a0Mon Fr\u00e8re Fant\u00f4me\u00a0\u00bb de Mahi Binebine","footnotes":""},"categories":[54,76],"tags":[],"class_list":["post-147684","post","type-post","status-publish","format-standard","hentry","category-maroc","category-regions"],"_links":{"self":[{"href":"https:\/\/linitiative.ca\/International\/wp-json\/wp\/v2\/posts\/147684","targetHints":{"allow":["GET"]}}],"collection":[{"href":"https:\/\/linitiative.ca\/International\/wp-json\/wp\/v2\/posts"}],"about":[{"href":"https:\/\/linitiative.ca\/International\/wp-json\/wp\/v2\/types\/post"}],"author":[{"embeddable":true,"href":"https:\/\/linitiative.ca\/International\/wp-json\/wp\/v2\/users\/1788"}],"replies":[{"embeddable":true,"href":"https:\/\/linitiative.ca\/International\/wp-json\/wp\/v2\/comments?post=147684"}],"version-history":[{"count":0,"href":"https:\/\/linitiative.ca\/International\/wp-json\/wp\/v2\/posts\/147684\/revisions"}],"wp:attachment":[{"href":"https:\/\/linitiative.ca\/International\/wp-json\/wp\/v2\/media?parent=147684"}],"wp:term":[{"taxonomy":"category","embeddable":true,"href":"https:\/\/linitiative.ca\/International\/wp-json\/wp\/v2\/categories?post=147684"},{"taxonomy":"post_tag","embeddable":true,"href":"https:\/\/linitiative.ca\/International\/wp-json\/wp\/v2\/tags?post=147684"}],"curies":[{"name":"wp","href":"https:\/\/api.w.org\/{rel}","templated":true}]}}