{"id":147686,"date":"2022-05-14T14:04:17","date_gmt":"2022-05-14T18:04:17","guid":{"rendered":"https:\/\/linitiative.ca\/International\/investissements-assurer-un-meilleur-environnement-a-la-tpe-une-necessite\/"},"modified":"2022-05-14T14:04:17","modified_gmt":"2022-05-14T18:04:17","slug":"investissements-assurer-un-meilleur-environnement-a-la-tpe-une-necessite","status":"publish","type":"post","link":"https:\/\/linitiative.ca\/International\/investissements-assurer-un-meilleur-environnement-a-la-tpe-une-necessite\/","title":{"rendered":"Investissements: Assurer un meilleur environnement \u00e0 la TPE, une n\u00e9cessit\u00e9"},"content":{"rendered":"<div>\n<div style=\"margin-bottom:20px;\"><img loading=\"lazy\" decoding=\"async\" width=\"750\" height=\"430\" src=\"https:\/\/linitiative.ca\/International\/wp-content\/uploads\/sites\/23\/2022\/05\/sekouri.jpg\" class=\"attachment-post-thumbnail size-post-thumbnail wp-post-image\" alt=\"\" srcset=\"https:\/\/linitiative.ca\/International\/wp-content\/uploads\/sites\/23\/2022\/05\/sekouri.jpg 750w, https:\/\/www.mapmarrakech.ma\/map\/uploads\/2022\/05\/sekouri-300x172.jpg 300w\" sizes=\"auto, (max-width: 750px) 100vw, 750px\"><\/div>\n<p>\u00ab\u00a0Les TPE constituent la principale composante du tissu \u00e9conomique marocain\u00a0\u00bb, a indiqu\u00e9 M. Sekkouri, dans une d\u00e9claration \u00e0 la presse en marge du Forum des affaires de la Banque Europ\u00e9enne de Reconstruction et de D\u00e9veloppement (BERD), plac\u00e9 sous le th\u00e8me \u00ab\u00a0Morocco Now: Quelles perspectives pour la transition \u00e9nerg\u00e9tique?\u00a0\u00bb,\u00a0relevant que l\u2019un des engagements du gouvernement est d\u2019offrir \u00e0 celles-ci un environnement \u00e9conomique meilleur pour mieux investir.<\/p>\n<p>Il a \u00e0 ce propos relev\u00e9 que la TPE doit \u00eatre au centre des pr\u00e9occupations de toute r\u00e9forme, notant que son d\u00e9partement dispose d\u2019un dispositif d\u00e9di\u00e9 \u00e0 cette cat\u00e9gorie d\u2019entreprise. \u00ab\u00a0Nous disposons d\u2019un avant-projet assez abouti pour les TPE qui ont notamment un chiffre d\u2019affaires mois de 10 millions de dirhams\u00a0\u00bb, a-t-il fait savoir.<\/p>\n<p>Le ministre a en outre relev\u00e9 que le Forum d\u2019affaires de la BERD constitue une occasion idoine pour \u00e9changer avec diff\u00e9rents acteurs, ajoutant que celui-ci se veut aussi une occasion pour faire valoir l\u2019exp\u00e9rience marocaine qui est \u00ab\u00a0tr\u00e8s aboutie\u00a0\u00bb.<\/p>\n<p>Le Forum des affaires de la Banque Europ\u00e9enne de Reconstruction et de D\u00e9veloppement (BERD), tenu en parall\u00e8le avec la 31\u00e8me assembl\u00e9e g\u00e9n\u00e9rale de la Banque, s\u2019impose en tant que plateforme idoine pour explorer les opportunit\u00e9s d\u2019investissement et nouer des liens durables d\u2019affaires.<\/p>\n<p>Plac\u00e9e sous le Haut Patronage de SM le Roi Mohammed VI, la 31\u00e8me assembl\u00e9e g\u00e9n\u00e9rale de la BERD, se poursuivant jusqu\u2019au 12 mai \u00e0 Marrakech, r\u00e9unit les repr\u00e9sentants des 73 pays et actionnaires institutionnels de la Banque, dont le Maroc.<\/p>\n<p>Premier rassemblement physique de la BERD depuis Sarajevo en 2019, cet \u00e9v\u00e9nement, plac\u00e9 sous le th\u00e8me \u00ab\u00a0Relever les d\u00e9fis dans un monde turbulent\u00a0\u00bb, se veut une occasion pour d\u00e9battre des d\u00e9fis mondiaux tels que le soutien \u00e0 la croissance \u00e9conomique, la lutte contre le changement climatique et le renforcement de l\u2019environnement des affaires dans les r\u00e9gions o\u00f9 la Banque investit.<\/p>\n<p>The post <a rel=\"nofollow\" href=\"https:\/\/www.mapmarrakech.ma\/fr\/investissements-assurer-un-meilleur-environnement-a-la-tpe-une-necessite\/\">Investissements: Assurer un meilleur environnement \u00e0 la TPE, une n\u00e9cessit\u00e9<\/a> appeared first on <a rel=\"nofollow\" href=\"https:\/\/www.mapmarrakech.ma\/fr\">MapMarrakech<\/a>.<\/p>\n<\/div>\n<p>Auteur: Meriem IGASS<br \/>\n<a href=\"https:\/\/www.mapmarrakech.ma\/fr\/investissements-assurer-un-meilleur-environnement-a-la-tpe-une-necessite\/\">Cliquez ici pour lire l&rsquo;article depuis sa source.<\/a><\/p>\n","protected":false},"excerpt":{"rendered":"<p>\u00ab\u00a0Les TPE constituent la principale composante du tissu \u00e9conomique marocain\u00a0\u00bb, a indiqu\u00e9 M. Sekkouri, dans une d\u00e9claration \u00e0 la presse en marge du Forum des affaires de la Banque Europ\u00e9enne de Reconstruction et de D\u00e9veloppement (BERD), plac\u00e9 sous le th\u00e8me \u00ab\u00a0Morocco Now: Quelles perspectives pour la transition \u00e9nerg\u00e9tique?\u00a0\u00bb,\u00a0relevant que l\u2019un des engagements du gouvernement est [&hellip;]<\/p>\n","protected":false},"author":1788,"featured_media":0,"comment_status":"closed","ping_status":"closed","sticky":false,"template":"","format":"standard","meta":{"fifu_image_url":"https:\/\/www.mapmarrakech.ma\/map\/uploads\/2022\/05\/sekouri.jpg","fifu_image_alt":"Investissements: Assurer un meilleur environnement \u00e0 la TPE, une n\u00e9cessit\u00e9","footnotes":""},"categories":[54,76],"tags":[],"class_list":["post-147686","post","type-post","status-publish","format-standard","hentry","category-maroc","category-regions"],"_links":{"self":[{"href":"https:\/\/linitiative.ca\/International\/wp-json\/wp\/v2\/posts\/147686","targetHints":{"allow":["GET"]}}],"collection":[{"href":"https:\/\/linitiative.ca\/International\/wp-json\/wp\/v2\/posts"}],"about":[{"href":"https:\/\/linitiative.ca\/International\/wp-json\/wp\/v2\/types\/post"}],"author":[{"embeddable":true,"href":"https:\/\/linitiative.ca\/International\/wp-json\/wp\/v2\/users\/1788"}],"replies":[{"embeddable":true,"href":"https:\/\/linitiative.ca\/International\/wp-json\/wp\/v2\/comments?post=147686"}],"version-history":[{"count":0,"href":"https:\/\/linitiative.ca\/International\/wp-json\/wp\/v2\/posts\/147686\/revisions"}],"wp:attachment":[{"href":"https:\/\/linitiative.ca\/International\/wp-json\/wp\/v2\/media?parent=147686"}],"wp:term":[{"taxonomy":"category","embeddable":true,"href":"https:\/\/linitiative.ca\/International\/wp-json\/wp\/v2\/categories?post=147686"},{"taxonomy":"post_tag","embeddable":true,"href":"https:\/\/linitiative.ca\/International\/wp-json\/wp\/v2\/tags?post=147686"}],"curies":[{"name":"wp","href":"https:\/\/api.w.org\/{rel}","templated":true}]}}