{"id":147697,"date":"2022-05-14T04:00:00","date_gmt":"2022-05-14T08:00:00","guid":{"rendered":"https:\/\/linitiative.ca\/International\/nizar-ben-neji-en-guise-de-bilan-detape\/"},"modified":"2022-05-14T04:00:00","modified_gmt":"2022-05-14T08:00:00","slug":"nizar-ben-neji-en-guise-de-bilan-detape","status":"publish","type":"post","link":"https:\/\/linitiative.ca\/International\/nizar-ben-neji-en-guise-de-bilan-detape\/","title":{"rendered":"Nizar Ben Neji: En guise de bilan d\u2019\u00e9tape"},"content":{"rendered":"<div><img decoding=\"async\" src=\"https:\/\/linitiative.ca\/International\/wp-content\/uploads\/sites\/23\/2022\/05\/1652432042_article.jpg\" alt=\"Nizar Ben Neji: En guise de bilan d\u2019\u00e9tape\" align=\"left\">Le ministre des Technologies de la communication Nizar Ben Neji \u00e0 pr\u00e9sent\u00e9 \u00e0 Leaders son bilan depuis sa prise de fonction au sein du minist\u00e8re. Ci apr\u00e8s les principaux points<br \/>\n\u2022 Mise \u00e0 jour de la strat\u00e9gie tunisienne du digital: ramification des axes pour plus de pr\u00e9cision et d\u2019efficacit\u00e9 (10 axes) :<br \/>\n1. R\u00e9vision des textes juridiques et du mode de gouvernance<br \/>\n2. Inclusion sociale (num\u00e9rique et financi\u00e8re)<br \/>\n3. D\u00e9veloppement de l\u2019infrastructure r\u00e9seau et de la capacit\u00e9 d\u2019h\u00e9bergement<br \/>\n4. Transformation digitale des divers services de l\u2019administration<br \/>\n5. Cybers\u00e9curit\u00e9 et lutte contre la cybercriminalit\u00e9<br \/>\n6. Exploitation des donn\u00e9es, IA et veille &#8230;<\/p>\n<\/div>\n<p>Auteur:<br \/>\n<a href=\"https:\/\/www.leaders.com.tn\/article\/33337-nizar-ben-neji-en-guise-de-bilan-d-etape\">Cliquez ici pour lire l&rsquo;article depuis sa source.<\/a><\/p>\n","protected":false},"excerpt":{"rendered":"<p>Le ministre des Technologies de la communication Nizar Ben Neji \u00e0 pr\u00e9sent\u00e9 \u00e0 Leaders son bilan depuis sa prise de fonction au sein du minist\u00e8re. Ci apr\u00e8s les principaux points \u2022 Mise \u00e0 jour de la strat\u00e9gie tunisienne du digital: ramification des axes pour plus de pr\u00e9cision et d\u2019efficacit\u00e9 (10 axes) : 1. R\u00e9vision des [&hellip;]<\/p>\n","protected":false},"author":1772,"featured_media":0,"comment_status":"closed","ping_status":"closed","sticky":false,"template":"","format":"standard","meta":{"fifu_image_url":"http:\/\/www.leaders.com.tn\/uploads\/content\/thumbnails_small\/1652432042_article.jpg","fifu_image_alt":"Nizar Ben Neji: En guise de bilan d\u2019\u00e9tape","footnotes":""},"categories":[73,55],"tags":[],"class_list":["post-147697","post","type-post","status-publish","format-standard","hentry","category-actualite","category-tunisie"],"_links":{"self":[{"href":"https:\/\/linitiative.ca\/International\/wp-json\/wp\/v2\/posts\/147697","targetHints":{"allow":["GET"]}}],"collection":[{"href":"https:\/\/linitiative.ca\/International\/wp-json\/wp\/v2\/posts"}],"about":[{"href":"https:\/\/linitiative.ca\/International\/wp-json\/wp\/v2\/types\/post"}],"author":[{"embeddable":true,"href":"https:\/\/linitiative.ca\/International\/wp-json\/wp\/v2\/users\/1772"}],"replies":[{"embeddable":true,"href":"https:\/\/linitiative.ca\/International\/wp-json\/wp\/v2\/comments?post=147697"}],"version-history":[{"count":0,"href":"https:\/\/linitiative.ca\/International\/wp-json\/wp\/v2\/posts\/147697\/revisions"}],"wp:attachment":[{"href":"https:\/\/linitiative.ca\/International\/wp-json\/wp\/v2\/media?parent=147697"}],"wp:term":[{"taxonomy":"category","embeddable":true,"href":"https:\/\/linitiative.ca\/International\/wp-json\/wp\/v2\/categories?post=147697"},{"taxonomy":"post_tag","embeddable":true,"href":"https:\/\/linitiative.ca\/International\/wp-json\/wp\/v2\/tags?post=147697"}],"curies":[{"name":"wp","href":"https:\/\/api.w.org\/{rel}","templated":true}]}}