{"id":147701,"date":"2022-05-14T06:38:52","date_gmt":"2022-05-14T10:38:52","guid":{"rendered":"https:\/\/linitiative.ca\/International\/mohamed-bin-zayed-al-nahyan-elu-president-des-eau\/"},"modified":"2022-05-14T06:38:52","modified_gmt":"2022-05-14T10:38:52","slug":"mohamed-bin-zayed-al-nahyan-elu-president-des-eau","status":"publish","type":"post","link":"https:\/\/linitiative.ca\/International\/mohamed-bin-zayed-al-nahyan-elu-president-des-eau\/","title":{"rendered":"Mohamed bin Zayed Al Nahyan \u00e9lu pr\u00e9sident des EAU"},"content":{"rendered":"<div><img decoding=\"async\" width=\"600\" height=\"511\" src=\"https:\/\/linitiative.ca\/International\/wp-content\/uploads\/sites\/23\/2022\/05\/Mohamed-ben-Zayed-e1652524554258.jpg\" class=\"attachment-post-thumbnail size-post-thumbnail wp-post-image\" alt=\"\" loading=\"lazy\" itemprop=\"image\">\u00a0Le Conseil supr\u00eame f\u00e9d\u00e9ral a \u00e9lu aujourd\u2019hui \u00e0 l\u2019unanimit\u00e9 Cheikh Mohamed bin Zayed Al Nahyan pr\u00e9sident des Emirats arabes unis, indique un communiqu\u00e9 de l\u2019agence WAM. \u00ab\u00a0Le Conseil s\u2019est r\u00e9uni aujourd\u2019hui au palais Al Mushrif \u00e0 Abou Dhabi, sous la pr\u00e9sidence de Son Altesse Cheikh Mohammed bin Rashid Al Maktoum,<\/div>\n<p>Auteur: Mehdi Ouazzani<br \/>\n<a href=\"https:\/\/www.challenge.ma\/mohamed-bin-zayed-al-nahyan-elu-president-des-eau-238618\/\">Cliquez ici pour lire l&rsquo;article depuis sa source.<\/a><\/p>\n","protected":false},"excerpt":{"rendered":"<p>\u00a0Le Conseil supr\u00eame f\u00e9d\u00e9ral a \u00e9lu aujourd\u2019hui \u00e0 l\u2019unanimit\u00e9 Cheikh Mohamed bin Zayed Al Nahyan pr\u00e9sident des Emirats arabes unis, indique un communiqu\u00e9 de l\u2019agence WAM. \u00ab\u00a0Le Conseil s\u2019est r\u00e9uni aujourd\u2019hui au palais Al Mushrif \u00e0 Abou Dhabi, sous la pr\u00e9sidence de Son Altesse Cheikh Mohammed bin Rashid Al Maktoum, Auteur: Mehdi Ouazzani Cliquez ici [&hellip;]<\/p>\n","protected":false},"author":1787,"featured_media":0,"comment_status":"closed","ping_status":"closed","sticky":false,"template":"","format":"standard","meta":{"fifu_image_url":"https:\/\/www.challenge.ma\/wp-content\/uploads\/2022\/05\/Mohamed-ben-Zayed-e1652524554258.jpg","fifu_image_alt":"Mohamed bin Zayed Al Nahyan \u00e9lu pr\u00e9sident des EAU","footnotes":""},"categories":[78,54],"tags":[],"class_list":["post-147701","post","type-post","status-publish","format-standard","hentry","category-economie","category-maroc"],"_links":{"self":[{"href":"https:\/\/linitiative.ca\/International\/wp-json\/wp\/v2\/posts\/147701","targetHints":{"allow":["GET"]}}],"collection":[{"href":"https:\/\/linitiative.ca\/International\/wp-json\/wp\/v2\/posts"}],"about":[{"href":"https:\/\/linitiative.ca\/International\/wp-json\/wp\/v2\/types\/post"}],"author":[{"embeddable":true,"href":"https:\/\/linitiative.ca\/International\/wp-json\/wp\/v2\/users\/1787"}],"replies":[{"embeddable":true,"href":"https:\/\/linitiative.ca\/International\/wp-json\/wp\/v2\/comments?post=147701"}],"version-history":[{"count":0,"href":"https:\/\/linitiative.ca\/International\/wp-json\/wp\/v2\/posts\/147701\/revisions"}],"wp:attachment":[{"href":"https:\/\/linitiative.ca\/International\/wp-json\/wp\/v2\/media?parent=147701"}],"wp:term":[{"taxonomy":"category","embeddable":true,"href":"https:\/\/linitiative.ca\/International\/wp-json\/wp\/v2\/categories?post=147701"},{"taxonomy":"post_tag","embeddable":true,"href":"https:\/\/linitiative.ca\/International\/wp-json\/wp\/v2\/tags?post=147701"}],"curies":[{"name":"wp","href":"https:\/\/api.w.org\/{rel}","templated":true}]}}