{"id":147703,"date":"2022-05-14T07:13:11","date_gmt":"2022-05-14T11:13:11","guid":{"rendered":"https:\/\/linitiative.ca\/International\/belhaj-abdeljaouad-elu-membre-du-conseil-dadministration-de-lassociation-internationale-de-boxe-iba\/"},"modified":"2022-05-14T07:13:11","modified_gmt":"2022-05-14T11:13:11","slug":"belhaj-abdeljaouad-elu-membre-du-conseil-dadministration-de-lassociation-internationale-de-boxe-iba","status":"publish","type":"post","link":"https:\/\/linitiative.ca\/International\/belhaj-abdeljaouad-elu-membre-du-conseil-dadministration-de-lassociation-internationale-de-boxe-iba\/","title":{"rendered":"Belhaj Abdeljaouad \u00e9lu membre du Conseil d\u2019administration de l\u2019Association internationale de boxe (IBA)"},"content":{"rendered":"<div><img decoding=\"async\" width=\"640\" height=\"320\" src=\"https:\/\/linitiative.ca\/International\/wp-content\/uploads\/sites\/23\/2022\/05\/Abdeljaouad-Belhaj-president-de-la-FRMB.jpg\" class=\"attachment-post-thumbnail size-post-thumbnail wp-post-image\" alt=\"\" loading=\"lazy\" srcset=\"https:\/\/linitiative.ca\/International\/wp-content\/uploads\/sites\/23\/2022\/05\/Abdeljaouad-Belhaj-president-de-la-FRMB.jpg 640w, https:\/\/www.challenge.ma\/wp-content\/uploads\/2021\/01\/Abdeljaouad-Belhaj-president-de-la-FRMB-300x150.jpg 300w, https:\/\/www.challenge.ma\/wp-content\/uploads\/2021\/01\/Abdeljaouad-Belhaj-president-de-la-FRMB-360x180.jpg 360w\" sizes=\"auto, (max-width: 640px) 100vw, 640px\" itemprop=\"image\">Belhaj Abdeljaouad, Pr\u00e9sident de la F\u00e9d\u00e9ration royale marocaine de boxe a \u00e9t\u00e9 \u00e9lu, ce samedi 14 mai, membre du Conseil d\u2019Administration de l\u2019Association internationale de boxe (IBA). Le nouveau Conseil d\u2019Administration de l\u2019Association Internationale de Boxe (IBA) a \u00e9t\u00e9 \u00e9lu au deuxi\u00e8me jour du congr\u00e8s extraordinaire de l\u2019IBA qui se<\/div>\n<p>Auteur: Mehdi Ouazzani<br \/>\n<a href=\"https:\/\/www.challenge.ma\/belhaj-abdeljaouad-elu-au-conseil-dadministration-de-lassociation-internationale-de-boxe-iba-238623\/\">Cliquez ici pour lire l&rsquo;article depuis sa source.<\/a><\/p>\n","protected":false},"excerpt":{"rendered":"<p>Belhaj Abdeljaouad, Pr\u00e9sident de la F\u00e9d\u00e9ration royale marocaine de boxe a \u00e9t\u00e9 \u00e9lu, ce samedi 14 mai, membre du Conseil d\u2019Administration de l\u2019Association internationale de boxe (IBA). Le nouveau Conseil d\u2019Administration de l\u2019Association Internationale de Boxe (IBA) a \u00e9t\u00e9 \u00e9lu au deuxi\u00e8me jour du congr\u00e8s extraordinaire de l\u2019IBA qui se Auteur: Mehdi Ouazzani Cliquez ici [&hellip;]<\/p>\n","protected":false},"author":1787,"featured_media":0,"comment_status":"closed","ping_status":"closed","sticky":false,"template":"","format":"standard","meta":{"fifu_image_url":"https:\/\/www.challenge.ma\/wp-content\/uploads\/2021\/01\/Abdeljaouad-Belhaj-president-de-la-FRMB.jpg","fifu_image_alt":"Belhaj Abdeljaouad \u00e9lu membre du Conseil d\u2019administration de l\u2019Association internationale de boxe (IBA)","footnotes":""},"categories":[78,54],"tags":[],"class_list":["post-147703","post","type-post","status-publish","format-standard","hentry","category-economie","category-maroc"],"_links":{"self":[{"href":"https:\/\/linitiative.ca\/International\/wp-json\/wp\/v2\/posts\/147703","targetHints":{"allow":["GET"]}}],"collection":[{"href":"https:\/\/linitiative.ca\/International\/wp-json\/wp\/v2\/posts"}],"about":[{"href":"https:\/\/linitiative.ca\/International\/wp-json\/wp\/v2\/types\/post"}],"author":[{"embeddable":true,"href":"https:\/\/linitiative.ca\/International\/wp-json\/wp\/v2\/users\/1787"}],"replies":[{"embeddable":true,"href":"https:\/\/linitiative.ca\/International\/wp-json\/wp\/v2\/comments?post=147703"}],"version-history":[{"count":0,"href":"https:\/\/linitiative.ca\/International\/wp-json\/wp\/v2\/posts\/147703\/revisions"}],"wp:attachment":[{"href":"https:\/\/linitiative.ca\/International\/wp-json\/wp\/v2\/media?parent=147703"}],"wp:term":[{"taxonomy":"category","embeddable":true,"href":"https:\/\/linitiative.ca\/International\/wp-json\/wp\/v2\/categories?post=147703"},{"taxonomy":"post_tag","embeddable":true,"href":"https:\/\/linitiative.ca\/International\/wp-json\/wp\/v2\/tags?post=147703"}],"curies":[{"name":"wp","href":"https:\/\/api.w.org\/{rel}","templated":true}]}}