{"id":147709,"date":"2022-05-14T16:36:37","date_gmt":"2022-05-14T20:36:37","guid":{"rendered":"https:\/\/linitiative.ca\/International\/sfax-deux-navires-cerealiers-bloques-dans-le-port-commercial\/"},"modified":"2022-05-14T16:36:37","modified_gmt":"2022-05-14T20:36:37","slug":"sfax-deux-navires-cerealiers-bloques-dans-le-port-commercial","status":"publish","type":"post","link":"https:\/\/linitiative.ca\/International\/sfax-deux-navires-cerealiers-bloques-dans-le-port-commercial\/","title":{"rendered":"Sfax: Deux navires c\u00e9r\u00e9aliers bloqu\u00e9s dans le port commercial"},"content":{"rendered":"<div>\n<p>Un responsable syndical relevant de l\u2019Office tunisien des c\u00e9r\u00e9ales a assur\u00e9, ce samedi 14 mai 2022, que deux navires c\u00e9r\u00e9aliers sont bloqu\u00e9s dans le port de Sfax en Tunisie depuis le mois dernier en raison du non-paiement des cargaisons import\u00e9es, rapporte Reuters. Le syndicaliste a ajout\u00e9 que deux autres navires attendent \u00e9galement depuis le d\u00e9but [\u2026]<\/p>\n<p>L\u2019article <a href=\"https:\/\/www.tunisienumerique.com\/sfax-deux-navires-cerealiers-bloques-dans-le-port-commercial\/\">Sfax: Deux navires c\u00e9r\u00e9aliers bloqu\u00e9s dans le port commercial<\/a> est apparu en premier sur <a href=\"https:\/\/www.tunisienumerique.com\/\">Tunisie<\/a>.<\/p>\n<\/div>\n<p>Auteur: Nadia.Ben.Tamansourt<br \/>\n<a href=\"https:\/\/www.tunisienumerique.com\/sfax-deux-navires-cerealiers-bloques-dans-le-port-commercial\/\">Cliquez ici pour lire l&rsquo;article depuis sa source.<\/a><\/p>\n","protected":false},"excerpt":{"rendered":"<p>Un responsable syndical relevant de l\u2019Office tunisien des c\u00e9r\u00e9ales a assur\u00e9, ce samedi 14 mai 2022, que deux navires c\u00e9r\u00e9aliers sont bloqu\u00e9s dans le port de Sfax en Tunisie depuis le mois dernier en raison du non-paiement des cargaisons import\u00e9es, rapporte Reuters. Le syndicaliste a ajout\u00e9 que deux autres navires attendent \u00e9galement depuis le d\u00e9but [&hellip;]<\/p>\n","protected":false},"author":1789,"featured_media":0,"comment_status":"closed","ping_status":"closed","sticky":false,"template":"","format":"standard","meta":{"fifu_image_url":"","fifu_image_alt":"","footnotes":""},"categories":[73,55],"tags":[],"class_list":["post-147709","post","type-post","status-publish","format-standard","hentry","category-actualite","category-tunisie"],"_links":{"self":[{"href":"https:\/\/linitiative.ca\/International\/wp-json\/wp\/v2\/posts\/147709","targetHints":{"allow":["GET"]}}],"collection":[{"href":"https:\/\/linitiative.ca\/International\/wp-json\/wp\/v2\/posts"}],"about":[{"href":"https:\/\/linitiative.ca\/International\/wp-json\/wp\/v2\/types\/post"}],"author":[{"embeddable":true,"href":"https:\/\/linitiative.ca\/International\/wp-json\/wp\/v2\/users\/1789"}],"replies":[{"embeddable":true,"href":"https:\/\/linitiative.ca\/International\/wp-json\/wp\/v2\/comments?post=147709"}],"version-history":[{"count":0,"href":"https:\/\/linitiative.ca\/International\/wp-json\/wp\/v2\/posts\/147709\/revisions"}],"wp:attachment":[{"href":"https:\/\/linitiative.ca\/International\/wp-json\/wp\/v2\/media?parent=147709"}],"wp:term":[{"taxonomy":"category","embeddable":true,"href":"https:\/\/linitiative.ca\/International\/wp-json\/wp\/v2\/categories?post=147709"},{"taxonomy":"post_tag","embeddable":true,"href":"https:\/\/linitiative.ca\/International\/wp-json\/wp\/v2\/tags?post=147709"}],"curies":[{"name":"wp","href":"https:\/\/api.w.org\/{rel}","templated":true}]}}