{"id":147710,"date":"2022-05-14T16:48:08","date_gmt":"2022-05-14T20:48:08","guid":{"rendered":"https:\/\/linitiative.ca\/International\/tunisie-isie-publication-du-projet-du-calendrier-du-referendum\/"},"modified":"2022-05-14T16:48:08","modified_gmt":"2022-05-14T20:48:08","slug":"tunisie-isie-publication-du-projet-du-calendrier-du-referendum","status":"publish","type":"post","link":"https:\/\/linitiative.ca\/International\/tunisie-isie-publication-du-projet-du-calendrier-du-referendum\/","title":{"rendered":"Tunisie-ISIE\u00a0: Publication du projet du calendrier du r\u00e9f\u00e9rendum"},"content":{"rendered":"<div>\n<p>Sur sa page officielle, l\u2019Instance sup\u00e9rieure ind\u00e9pendante pour les \u00e9lections a publi\u00e9 le projet du calendrier du r\u00e9f\u00e9rendum, adapt\u00e9 \u00e0 l\u2019actuelle loi organique relative aux \u00e9lections et aux r\u00e9f\u00e9rendums. A cet effet, les inscriptions d\u00e9buteront le 27 mai 2022 et se poursuivront jusqu\u2019au 5 juin. Les listes finales des \u00e9lecteurs seront annonc\u00e9es le 8 juillet. [\u2026]<\/p>\n<p>L\u2019article <a href=\"https:\/\/www.tunisienumerique.com\/tunisie-isie-publication-du-projet-du-calendrier-du-referendum\/\">Tunisie-ISIE\u00a0: Publication du projet du calendrier du r\u00e9f\u00e9rendum<\/a> est apparu en premier sur <a href=\"https:\/\/www.tunisienumerique.com\/\">Tunisie<\/a>.<\/p>\n<\/div>\n<p>Auteur: Nadia.Ben.Tamansourt<br \/>\n<a href=\"https:\/\/www.tunisienumerique.com\/tunisie-isie-publication-du-projet-du-calendrier-du-referendum\/\">Cliquez ici pour lire l&rsquo;article depuis sa source.<\/a><\/p>\n","protected":false},"excerpt":{"rendered":"<p>Sur sa page officielle, l\u2019Instance sup\u00e9rieure ind\u00e9pendante pour les \u00e9lections a publi\u00e9 le projet du calendrier du r\u00e9f\u00e9rendum, adapt\u00e9 \u00e0 l\u2019actuelle loi organique relative aux \u00e9lections et aux r\u00e9f\u00e9rendums. A cet effet, les inscriptions d\u00e9buteront le 27 mai 2022 et se poursuivront jusqu\u2019au 5 juin. Les listes finales des \u00e9lecteurs seront annonc\u00e9es le 8 juillet. [&hellip;]<\/p>\n","protected":false},"author":1789,"featured_media":0,"comment_status":"closed","ping_status":"closed","sticky":false,"template":"","format":"standard","meta":{"fifu_image_url":"","fifu_image_alt":"","footnotes":""},"categories":[73,55],"tags":[],"class_list":["post-147710","post","type-post","status-publish","format-standard","hentry","category-actualite","category-tunisie"],"_links":{"self":[{"href":"https:\/\/linitiative.ca\/International\/wp-json\/wp\/v2\/posts\/147710","targetHints":{"allow":["GET"]}}],"collection":[{"href":"https:\/\/linitiative.ca\/International\/wp-json\/wp\/v2\/posts"}],"about":[{"href":"https:\/\/linitiative.ca\/International\/wp-json\/wp\/v2\/types\/post"}],"author":[{"embeddable":true,"href":"https:\/\/linitiative.ca\/International\/wp-json\/wp\/v2\/users\/1789"}],"replies":[{"embeddable":true,"href":"https:\/\/linitiative.ca\/International\/wp-json\/wp\/v2\/comments?post=147710"}],"version-history":[{"count":0,"href":"https:\/\/linitiative.ca\/International\/wp-json\/wp\/v2\/posts\/147710\/revisions"}],"wp:attachment":[{"href":"https:\/\/linitiative.ca\/International\/wp-json\/wp\/v2\/media?parent=147710"}],"wp:term":[{"taxonomy":"category","embeddable":true,"href":"https:\/\/linitiative.ca\/International\/wp-json\/wp\/v2\/categories?post=147710"},{"taxonomy":"post_tag","embeddable":true,"href":"https:\/\/linitiative.ca\/International\/wp-json\/wp\/v2\/tags?post=147710"}],"curies":[{"name":"wp","href":"https:\/\/api.w.org\/{rel}","templated":true}]}}