{"id":147711,"date":"2022-05-14T17:08:47","date_gmt":"2022-05-14T21:08:47","guid":{"rendered":"https:\/\/linitiative.ca\/International\/bientot-louverture-dune-ligne-aerienne-tozeur-paris\/"},"modified":"2022-05-14T17:08:47","modified_gmt":"2022-05-14T21:08:47","slug":"bientot-louverture-dune-ligne-aerienne-tozeur-paris","status":"publish","type":"post","link":"https:\/\/linitiative.ca\/International\/bientot-louverture-dune-ligne-aerienne-tozeur-paris\/","title":{"rendered":"Bient\u00f4t l\u2019ouverture d\u2019une ligne a\u00e9rienne Tozeur-Paris"},"content":{"rendered":"<div>\n<p>Le gouverneur de Tozeur, Mohamed Aymen Bejaoui a annonc\u00e9 qu\u2019Une \u00e9quipe de travail repr\u00e9sentant la compagnie a\u00e9rienne \u00ab Transavia \u00bb, affili\u00e9e \u00e0 \u00ab Air France \u00bb a effectu\u00e9 une visite dans la r\u00e9gion pour examiner la possibilit\u00e9 de l\u2019ouverture d\u2019une ligne a\u00e9rienne entre Tozeur et Paris. La d\u00e9l\u00e9gation s\u2019est rendue, \u00e0 cette occasion, \u00e0 l\u2019a\u00e9roport [\u2026]<\/p>\n<p>L\u2019article <a href=\"https:\/\/www.tunisienumerique.com\/bientot-louverture-dune-ligne-aerienne-tozeur-paris\/\">Bient\u00f4t l\u2019ouverture d\u2019une ligne a\u00e9rienne Tozeur-Paris<\/a> est apparu en premier sur <a href=\"https:\/\/www.tunisienumerique.com\/\">Tunisie<\/a>.<\/p>\n<\/div>\n<p>Auteur: Nadia.Ben.Tamansourt<br \/>\n<a href=\"https:\/\/www.tunisienumerique.com\/bientot-louverture-dune-ligne-aerienne-tozeur-paris\/\">Cliquez ici pour lire l&rsquo;article depuis sa source.<\/a><\/p>\n","protected":false},"excerpt":{"rendered":"<p>Le gouverneur de Tozeur, Mohamed Aymen Bejaoui a annonc\u00e9 qu\u2019Une \u00e9quipe de travail repr\u00e9sentant la compagnie a\u00e9rienne \u00ab Transavia \u00bb, affili\u00e9e \u00e0 \u00ab Air France \u00bb a effectu\u00e9 une visite dans la r\u00e9gion pour examiner la possibilit\u00e9 de l\u2019ouverture d\u2019une ligne a\u00e9rienne entre Tozeur et Paris. La d\u00e9l\u00e9gation s\u2019est rendue, \u00e0 cette occasion, \u00e0 l\u2019a\u00e9roport [&hellip;]<\/p>\n","protected":false},"author":1789,"featured_media":0,"comment_status":"closed","ping_status":"closed","sticky":false,"template":"","format":"standard","meta":{"fifu_image_url":"","fifu_image_alt":"","footnotes":""},"categories":[73,55],"tags":[],"class_list":["post-147711","post","type-post","status-publish","format-standard","hentry","category-actualite","category-tunisie"],"_links":{"self":[{"href":"https:\/\/linitiative.ca\/International\/wp-json\/wp\/v2\/posts\/147711","targetHints":{"allow":["GET"]}}],"collection":[{"href":"https:\/\/linitiative.ca\/International\/wp-json\/wp\/v2\/posts"}],"about":[{"href":"https:\/\/linitiative.ca\/International\/wp-json\/wp\/v2\/types\/post"}],"author":[{"embeddable":true,"href":"https:\/\/linitiative.ca\/International\/wp-json\/wp\/v2\/users\/1789"}],"replies":[{"embeddable":true,"href":"https:\/\/linitiative.ca\/International\/wp-json\/wp\/v2\/comments?post=147711"}],"version-history":[{"count":0,"href":"https:\/\/linitiative.ca\/International\/wp-json\/wp\/v2\/posts\/147711\/revisions"}],"wp:attachment":[{"href":"https:\/\/linitiative.ca\/International\/wp-json\/wp\/v2\/media?parent=147711"}],"wp:term":[{"taxonomy":"category","embeddable":true,"href":"https:\/\/linitiative.ca\/International\/wp-json\/wp\/v2\/categories?post=147711"},{"taxonomy":"post_tag","embeddable":true,"href":"https:\/\/linitiative.ca\/International\/wp-json\/wp\/v2\/tags?post=147711"}],"curies":[{"name":"wp","href":"https:\/\/api.w.org\/{rel}","templated":true}]}}