{"id":147716,"date":"2022-05-14T13:09:33","date_gmt":"2022-05-14T17:09:33","guid":{"rendered":"https:\/\/linitiative.ca\/International\/cameroun-paul-biya-se-rend-en-europe-ce-14-mai-2022-officiel\/"},"modified":"2022-05-14T13:09:33","modified_gmt":"2022-05-14T17:09:33","slug":"cameroun-paul-biya-se-rend-en-europe-ce-14-mai-2022-officiel","status":"publish","type":"post","link":"https:\/\/linitiative.ca\/International\/cameroun-paul-biya-se-rend-en-europe-ce-14-mai-2022-officiel\/","title":{"rendered":"Cameroun : Paul Biya se rend en Europe ce 14 mai 2022 (Officiel)"},"content":{"rendered":"<div>\n<p><img decoding=\"async\" width=\"1080\" height=\"720\" src=\"https:\/\/linitiative.ca\/International\/wp-content\/uploads\/sites\/23\/2022\/05\/PAUL-BIYA-VA-EN-EUROPE.jpg\" class=\"attachment-post-thumbnail size-post-thumbnail wp-post-image\" alt=\"Le couple pr\u00e9sidentiel du Cameroun s\u2019est rendu en Europe\" loading=\"lazy\" srcset=\"https:\/\/linitiative.ca\/International\/wp-content\/uploads\/sites\/23\/2022\/05\/PAUL-BIYA-VA-EN-EUROPE.jpg 1080w, https:\/\/www.journalducameroun.com\/wp-content\/uploads\/2022\/05\/PAUL-BIYA-VA-EN-EUROPE-300x200.jpg 300w, https:\/\/www.journalducameroun.com\/wp-content\/uploads\/2022\/05\/PAUL-BIYA-VA-EN-EUROPE-1024x683.jpg 1024w, https:\/\/www.journalducameroun.com\/wp-content\/uploads\/2022\/05\/PAUL-BIYA-VA-EN-EUROPE-768x512.jpg 768w, https:\/\/www.journalducameroun.com\/wp-content\/uploads\/2022\/05\/PAUL-BIYA-VA-EN-EUROPE-660x440.jpg 660w, https:\/\/www.journalducameroun.com\/wp-content\/uploads\/2022\/05\/PAUL-BIYA-VA-EN-EUROPE-600x400.jpg 600w\" sizes=\"auto, (max-width: 1080px) 100vw, 1080px\"><\/p>\n<h2 style=\"text-align: justify;\">Le pr\u00e9sident de la R\u00e9publique du Cameroun et son \u00e9pouse ont quitt\u00e9 Yaound\u00e9 ce samedi 14 mai 2022 pour un court s\u00e9jour priv\u00e9 en Europe.<\/h2>\n<p style=\"text-align: justify;\">Apr\u00e8s une p\u00e9riode d\u2019absence remarqu\u00e9e \u00e0 l\u2019\u00e9tranger, le chef de l\u2019Etat s\u2019est envol\u00e9 ce jour \u00e0 destination du Vieux continent. \u00ab\u00a0<em>Le pr\u00e9sident de la R\u00e9publique <strong>S.E Paul Biya<\/strong> a quitt\u00e9 Yaound\u00e9 ce samedi 14 mai 2022 en fin de matin\u00e9e en compagnie de son \u00e9pouse Mme Chantal Biya, pour un court s\u00e9jour priv\u00e9 en Europe\u00a0<\/em>\u00bb, informe un communiqu\u00e9 sign\u00e9 du ministre directeur du Cabinet civil de la pr\u00e9sidence de la R\u00e9publique Samuel Mvondo Ayolo.<\/p>\n<p style=\"text-align: justify;\">\u00ab\u00a0<em>Le chef de l\u2019Etat est accompagn\u00e9 dans ce voyage d\u2019une suite officielle dont la composition se pr\u00e9sente ainsi qu\u2019il suit\u00a0: Samuel Mvondo Ayolo, ministre directeur du Cabinet civil de la pr\u00e9sidence de la R\u00e9publique\u00a0; Contre-Amiral Joseph Fouda, conseiller sp\u00e9cial \u00e0 la Pr\u00e9sidence de la R\u00e9publique\u00a0; Simon Pierre Bikele, chef du protocole d\u2019Etat<\/em>\u00a0\u00bb, pr\u00e9cise le communiqu\u00e9.<\/p>\n<figure id=\"attachment_409596\" aria-describedby=\"caption-attachment-409596\" style=\"width: 300px\" class=\"wp-caption alignnone\"><img loading=\"lazy\" decoding=\"async\" class=\"size-medium wp-image-409596\" src=\"https:\/\/linitiative.ca\/International\/wp-content\/uploads\/sites\/23\/2022\/05\/PAUL-BIYA-SE-REND-EN-EUROPE-300x200-1.jpg\" alt=\"Le couple pr\u00e9sidentiel du Cameroun s\u2019est rendu en Europe\" width=\"300\" height=\"200\"><figcaption id=\"caption-attachment-409596\" class=\"wp-caption-text\">D\u00e9part du couple pr\u00e9sidentiel, a\u00e9roport international de Yaound\u00e9-Nsimalen<\/figcaption><\/figure>\n<p style=\"text-align: justify;\">Le voyage du couple pr\u00e9sidentiel survient six jours avant la c\u00e9l\u00e9bration de <strong>la f\u00eate nationale<\/strong> du Cameroun. Le <strong>20 mai 2022<\/strong>, le pays va c\u00e9l\u00e9brer la <strong>50\u00e8 \u00e9dition de la f\u00eate de l\u2019unit\u00e9<\/strong> nationale. Il est pr\u00e9vu au boulevard du 20 mai \u00e0 Yaound\u00e9 comme sur l\u2019ensemble du territoire, un d\u00e9fil\u00e9 civil et militaire. Cette parade se d\u00e9roule toujours sous la pr\u00e9sidence du chef de l\u2019Etat, chef supr\u00eame des arm\u00e9es. Pour l\u2019instant, aucune information n\u2019a \u00e9t\u00e9 donn\u00e9e \u00e0 propos du retour de <strong>Paul et Chantal Biya<\/strong> au Cameroun.<\/p>\n<p>Cet article <a rel=\"nofollow\" href=\"https:\/\/www.journalducameroun.com\/cameroun-paul-biya-se-rend-en-europe-ce-14-mai-2022-officiel\/\">Cameroun : Paul Biya se rend en Europe ce 14 mai 2022 (Officiel)<\/a> est apparu en premier sur <a rel=\"nofollow\" href=\"https:\/\/www.journalducameroun.com\/\">Journal du Cameroun<\/a>.<\/p>\n<\/div>\n<p>Auteur: Arnaud MAWEL<br \/>\n<a href=\"https:\/\/www.journalducameroun.com\/cameroun-paul-biya-se-rend-en-europe-ce-14-mai-2022-officiel\/\">Cliquez ici pour lire l&rsquo;article depuis sa source.<\/a><\/p>\n","protected":false},"excerpt":{"rendered":"<p>Le pr\u00e9sident de la R\u00e9publique du Cameroun et son \u00e9pouse ont quitt\u00e9 Yaound\u00e9 ce samedi 14 mai 2022 pour un court s\u00e9jour priv\u00e9 en Europe. Apr\u00e8s une p\u00e9riode d\u2019absence remarqu\u00e9e \u00e0 l\u2019\u00e9tranger, le chef de l\u2019Etat s\u2019est envol\u00e9 ce jour \u00e0 destination du Vieux continent. \u00ab\u00a0Le pr\u00e9sident de la R\u00e9publique S.E Paul Biya a quitt\u00e9 [&hellip;]<\/p>\n","protected":false},"author":1965,"featured_media":0,"comment_status":"closed","ping_status":"closed","sticky":false,"template":"","format":"standard","meta":{"fifu_image_url":"https:\/\/www.journalducameroun.com\/wp-content\/uploads\/2022\/05\/PAUL-BIYA-VA-EN-EUROPE.jpg","fifu_image_alt":"Cameroun : Paul Biya se rend en Europe ce 14 mai 2022 (Officiel)","footnotes":""},"categories":[73,82],"tags":[],"class_list":["post-147716","post","type-post","status-publish","format-standard","hentry","category-actualite","category-cameroun"],"_links":{"self":[{"href":"https:\/\/linitiative.ca\/International\/wp-json\/wp\/v2\/posts\/147716","targetHints":{"allow":["GET"]}}],"collection":[{"href":"https:\/\/linitiative.ca\/International\/wp-json\/wp\/v2\/posts"}],"about":[{"href":"https:\/\/linitiative.ca\/International\/wp-json\/wp\/v2\/types\/post"}],"author":[{"embeddable":true,"href":"https:\/\/linitiative.ca\/International\/wp-json\/wp\/v2\/users\/1965"}],"replies":[{"embeddable":true,"href":"https:\/\/linitiative.ca\/International\/wp-json\/wp\/v2\/comments?post=147716"}],"version-history":[{"count":0,"href":"https:\/\/linitiative.ca\/International\/wp-json\/wp\/v2\/posts\/147716\/revisions"}],"wp:attachment":[{"href":"https:\/\/linitiative.ca\/International\/wp-json\/wp\/v2\/media?parent=147716"}],"wp:term":[{"taxonomy":"category","embeddable":true,"href":"https:\/\/linitiative.ca\/International\/wp-json\/wp\/v2\/categories?post=147716"},{"taxonomy":"post_tag","embeddable":true,"href":"https:\/\/linitiative.ca\/International\/wp-json\/wp\/v2\/tags?post=147716"}],"curies":[{"name":"wp","href":"https:\/\/api.w.org\/{rel}","templated":true}]}}