{"id":147719,"date":"2022-05-14T13:23:27","date_gmt":"2022-05-14T17:23:27","guid":{"rendered":"https:\/\/linitiative.ca\/International\/cameroun-bilinguisme-mafany-musonge-reste-a-la-tete-de-sa-commission\/"},"modified":"2022-05-14T13:23:27","modified_gmt":"2022-05-14T17:23:27","slug":"cameroun-bilinguisme-mafany-musonge-reste-a-la-tete-de-sa-commission","status":"publish","type":"post","link":"https:\/\/linitiative.ca\/International\/cameroun-bilinguisme-mafany-musonge-reste-a-la-tete-de-sa-commission\/","title":{"rendered":"Cameroun-bilinguisme : Mafany Musonge reste \u00e0 la t\u00eate de sa Commission"},"content":{"rendered":"<div>\n<p><img decoding=\"async\" width=\"2048\" height=\"1152\" src=\"https:\/\/linitiative.ca\/International\/wp-content\/uploads\/sites\/23\/2022\/05\/141006009_816213968958249_7136560570246526913_o.jpg\" class=\"attachment-post-thumbnail size-post-thumbnail wp-post-image\" alt=\"Peter Mafany Musonge pour un nouveau mandat de cinq ans\" loading=\"lazy\" srcset=\"https:\/\/linitiative.ca\/International\/wp-content\/uploads\/sites\/23\/2022\/05\/141006009_816213968958249_7136560570246526913_o.jpg 2048w, https:\/\/www.journalducameroun.com\/wp-content\/uploads\/2021\/01\/141006009_816213968958249_7136560570246526913_o-300x169.jpg 300w, https:\/\/www.journalducameroun.com\/wp-content\/uploads\/2021\/01\/141006009_816213968958249_7136560570246526913_o-768x432.jpg 768w, https:\/\/www.journalducameroun.com\/wp-content\/uploads\/2021\/01\/141006009_816213968958249_7136560570246526913_o-1024x576.jpg 1024w, https:\/\/www.journalducameroun.com\/wp-content\/uploads\/2021\/01\/141006009_816213968958249_7136560570246526913_o-780x440.jpg 780w, https:\/\/www.journalducameroun.com\/wp-content\/uploads\/2021\/01\/141006009_816213968958249_7136560570246526913_o-380x215.jpg 380w, https:\/\/www.journalducameroun.com\/wp-content\/uploads\/2021\/01\/141006009_816213968958249_7136560570246526913_o-160x90.jpg 160w, https:\/\/www.journalducameroun.com\/wp-content\/uploads\/2021\/01\/141006009_816213968958249_7136560570246526913_o-240x135.jpg 240w, https:\/\/www.journalducameroun.com\/wp-content\/uploads\/2021\/01\/141006009_816213968958249_7136560570246526913_o-782x440.jpg 782w, https:\/\/www.journalducameroun.com\/wp-content\/uploads\/2021\/01\/141006009_816213968958249_7136560570246526913_o-600x338.jpg 600w\" sizes=\"auto, (max-width: 2048px) 100vw, 2048px\"><\/p>\n<h2 style=\"text-align: justify;\">A la faveur d\u2019un d\u00e9cret du 13 mai 2022, le chef de l\u2019Etat Paul Biya renouvelle le mandat des membres de la Commission pour la promotion du bilinguisme et du multiculturalisme.<\/h2>\n<p style=\"text-align: justify;\">\n<p style=\"text-align: justify;\">\n<p style=\"text-align: justify;\">\n<p style=\"text-align: justify;\">\n<p style=\"text-align: justify;\">Apr\u00e8s un premier mandat de cinq ans \u00e0 la t\u00eate de la Commission, Paul Biya ajoute un second mandat \u00e0 <strong>Peter Mafany Musonge<\/strong>. Le pr\u00e9sident de la Commission pour la promotion du bilinguisme et du multiculturalisme garde son poste \u00e0 la faveur du d\u00e9cret pr\u00e9sidentiel N\u00b02022\/167 du 13 mai 2022, pour les cinq prochaines ann\u00e9es. Mais il n\u2019est pas seul.<\/p>\n<p style=\"text-align: justify;\">Le d\u00e9cret suscit\u00e9 rendu public vendredi 13 mai 2022, renouvelle le mandat de son vice-pr\u00e9sident <strong>Oumarou Djika Saidou<\/strong>, et des 13 autres membres de la Commission. Il s\u2019agit d\u2019<strong>Ama Tutu Muna<\/strong>\u00a0; <strong>Angouing n\u00e9e Ndanga Fran\u00e7oise<\/strong>\u00a0; <strong>Mbappe n\u00e9e Ticky Ngonde\u00a0<\/strong>; <strong>Njoh Agnes<\/strong>\u00a0; p\u00e8re <strong>Jean-Marie Bodo<\/strong>\u00a0; <strong>Abouem Atchoyi David<\/strong>\u00a0; <strong>Amadou Mohamadou Babba<\/strong>\u00a0; <strong>Efoua Mbozo\u2019o Samuel<\/strong>\u00a0; <strong>Halle Nicodemus<\/strong> <strong>Ndessi<\/strong>\u00a0; <strong>Itoe Mutanga Benjamin<\/strong>\u00a0; <strong>Afesi Mbafor Jean-Marc<\/strong>\u00a0; <strong>Ngambo Fondjo Pierre Vincent<\/strong>\u00a0; <strong>Ngwane George Esambe<\/strong>.<\/p>\n<p style=\"text-align: justify;\">Tous nomm\u00e9s pour la premi\u00e8re fois le 15 mars 2017 pour un mandat de cinq ans, leur pouvoir est arriv\u00e9 \u00e0 terme depuis le 14 mars 2022. Le d\u00e9cret du 13 mars vient donner aux membres de la Commission de poursuivre leur mission. Elle consiste en la promotion de l\u2019usage du fran\u00e7ais et de l\u2019anglais, les deux langues officielles du Cameroun, la promotion de la diversit\u00e9 culturelle du pays.<\/p>\n<p style=\"text-align: justify;\">Durant les cinq derni\u00e8res ann\u00e9es, la Commission a tenu 10 sessions. Ses membres ont adopt\u00e9 son organigramme et son r\u00e8glement int\u00e9rieur. La mise en \u0153uvre de leur mission a conduit les membres aupr\u00e8s des grands corps de l\u2019Etat dont les deux chambres du Parlement, la Cour supr\u00eame, les services du Premier ministre.<\/p>\n<p style=\"text-align: justify;\">Ces personnalit\u00e9s ont aussi effectu\u00e9 des descentes dans les r\u00e9gions du Pays. C\u2019\u00e9tait notamment \u00e0 Buea, \u00e0 Bamenda, \u00e0 Maroua, dans les entreprises et \u00e9tablissements publics et priv\u00e9s, \u00e0 Yaound\u00e9, \u00e0 Douala. Les 38 d\u00e9partements minist\u00e9riels du pays ont re\u00e7u les d\u00e9l\u00e9gations de la Commission dans l\u2019optique de s\u2019enqu\u00e9rir du niveau d\u2019application du <strong>bilinguisme<\/strong>, un travail que la structure est appel\u00e9e \u00e0 poursuivre tel que le reconnait Peter Mafany Musonge.<\/p>\n<p style=\"text-align: justify;\">\u00ab\u00a0<em>Je suis tr\u00e8s honor\u00e9 de ce que le pr\u00e9sident de la R\u00e9publique Paul Biya a fait ce soir \u00e0 ma personne. Apr\u00e8s cinq ans, il a d\u00e9cid\u00e9 de renouveler sa confiance \u00e0 moi et aux membres de la Commission.\u00a0 Ce\u00a0 que je vais demander aux membres de la Commission est qu\u2019on doit tout faire pour m\u00e9riter cette confiance du chef de l\u2019Etat\u00a0\u00bb, <\/em>lance le pr\u00e9sident de la Commission<em>. <\/em><\/p>\n<p style=\"text-align: justify;\"><em>\u00ab\u00a0La premi\u00e8re chose qui me vient en t\u00eate c\u2019est le combat contre les discours de la haine, la x\u00e9nophobie et nous sommes en train de mettre en place une coalition qui va \u00eatre pr\u00e9sente sur le terrain pour d\u00e9courager ceux qui propagent le discours de la haine et de la x\u00e9nophobie. Nous devons pr\u00eacher le vivre ensemble dans notre pays\u00a0<\/em>\u00bb, recommande Peter Mafany Musonge sur les antennes radio de la Crtv.<\/p>\n<p>Cet article <a rel=\"nofollow\" href=\"https:\/\/www.journalducameroun.com\/cameroun-bilinguisme-mafany-musonge-reste-a-la-tete-de-sa-commission\/\">Cameroun-bilinguisme : Mafany Musonge reste \u00e0 la t\u00eate de sa Commission<\/a> est apparu en premier sur <a rel=\"nofollow\" href=\"https:\/\/www.journalducameroun.com\/\">Journal du Cameroun<\/a>.<\/p>\n<\/div>\n<p>Auteur: Arnaud MAWEL<br \/>\n<a href=\"https:\/\/www.journalducameroun.com\/cameroun-bilinguisme-mafany-musonge-reste-a-la-tete-de-sa-commission\/\">Cliquez ici pour lire l&rsquo;article depuis sa source.<\/a><\/p>\n","protected":false},"excerpt":{"rendered":"<p>A la faveur d\u2019un d\u00e9cret du 13 mai 2022, le chef de l\u2019Etat Paul Biya renouvelle le mandat des membres de la Commission pour la promotion du bilinguisme et du multiculturalisme. Apr\u00e8s un premier mandat de cinq ans \u00e0 la t\u00eate de la Commission, Paul Biya ajoute un second mandat \u00e0 Peter Mafany Musonge. Le [&hellip;]<\/p>\n","protected":false},"author":1965,"featured_media":0,"comment_status":"closed","ping_status":"closed","sticky":false,"template":"","format":"standard","meta":{"fifu_image_url":"https:\/\/www.journalducameroun.com\/wp-content\/uploads\/2021\/01\/141006009_816213968958249_7136560570246526913_o.jpg","fifu_image_alt":"Cameroun-bilinguisme : Mafany Musonge reste \u00e0 la t\u00eate de sa Commission","footnotes":""},"categories":[73,82],"tags":[],"class_list":["post-147719","post","type-post","status-publish","format-standard","hentry","category-actualite","category-cameroun"],"_links":{"self":[{"href":"https:\/\/linitiative.ca\/International\/wp-json\/wp\/v2\/posts\/147719","targetHints":{"allow":["GET"]}}],"collection":[{"href":"https:\/\/linitiative.ca\/International\/wp-json\/wp\/v2\/posts"}],"about":[{"href":"https:\/\/linitiative.ca\/International\/wp-json\/wp\/v2\/types\/post"}],"author":[{"embeddable":true,"href":"https:\/\/linitiative.ca\/International\/wp-json\/wp\/v2\/users\/1965"}],"replies":[{"embeddable":true,"href":"https:\/\/linitiative.ca\/International\/wp-json\/wp\/v2\/comments?post=147719"}],"version-history":[{"count":0,"href":"https:\/\/linitiative.ca\/International\/wp-json\/wp\/v2\/posts\/147719\/revisions"}],"wp:attachment":[{"href":"https:\/\/linitiative.ca\/International\/wp-json\/wp\/v2\/media?parent=147719"}],"wp:term":[{"taxonomy":"category","embeddable":true,"href":"https:\/\/linitiative.ca\/International\/wp-json\/wp\/v2\/categories?post=147719"},{"taxonomy":"post_tag","embeddable":true,"href":"https:\/\/linitiative.ca\/International\/wp-json\/wp\/v2\/tags?post=147719"}],"curies":[{"name":"wp","href":"https:\/\/api.w.org\/{rel}","templated":true}]}}