{"id":147726,"date":"2022-05-14T15:39:00","date_gmt":"2022-05-14T19:39:00","guid":{"rendered":"https:\/\/linitiative.ca\/International\/diplomatie-celestin-tawamba-nouveau-consul-honoraire-du-rwanda-au-cameroun\/"},"modified":"2022-05-14T15:39:00","modified_gmt":"2022-05-14T19:39:00","slug":"diplomatie-celestin-tawamba-nouveau-consul-honoraire-du-rwanda-au-cameroun","status":"publish","type":"post","link":"https:\/\/linitiative.ca\/International\/diplomatie-celestin-tawamba-nouveau-consul-honoraire-du-rwanda-au-cameroun\/","title":{"rendered":"Diplomatie\u00a0: C\u00e9lestin Tawamba, nouveau consul honoraire du Rwanda au Cameroun"},"content":{"rendered":"<div>\n<p>C\u2019est une nouvelle distinction qui rentre dans le palmar\u00e8s de C\u00e9lestin Kamanou Tawamba, le Pr\u00e9sident en exercice du Groupement inter patronal du Cameroun (Gicam). En effet, l\u2019on apprend de cette organisation patronale que \u00ab\u00a0le conseil des Ministres du Rwanda, r\u00e9uni hier vendredi 13 mai 2022 sous la pr\u00e9sidence de son Excellence Paul Kagame, Pr\u00e9sident de la R\u00e9publique du Rwanda, a nomm\u00e9 Monsieur C\u00e9lestin Tawamba, Consul honoraire du Rwanda au Cameroun, avec R\u00e9sidence \u00e0 Yaound\u00e9\u00a0\u00bb, peut-on lire.<\/p>\n<p>Dans le cadre de ses nouvelles fonctions, C\u00e9lestin Tawamba devra veiller au respect des int\u00e9r\u00eats rwandais en terre camerounaise. Relevons ici que le Consul honoraire est un particulier qui exerce cette fonction de fa\u00e7on b\u00e9n\u00e9vole. Cette nouvelle nomination du Pr\u00e9sident du Gicam intervient, deux semaines apr\u00e8s sa nomination \u00e0 la vice-pr\u00e9sidence de l\u2019Alliance des patronats francophones.<\/p>\n<p>Indiquons que, tout comme C\u00e9lestin Tawamba, plusieurs autres personnalit\u00e9s rwandaises ont \u00e9t\u00e9 nomm\u00e9 \u00e0\u00a0\u00a0des postes de responsabilit\u00e9s et strat\u00e9giques.<\/p>\n<p>L\u2019article <a rel=\"nofollow\" href=\"https:\/\/ecomatin.net\/diplomatie-celestin-tawamba-nouveau-consul-honoraire-du-rwanda-au-cameroun\/\">Diplomatie\u00a0: C\u00e9lestin Tawamba, nouveau consul honoraire du Rwanda au Cameroun<\/a> est apparu en premier sur <a rel=\"nofollow\" href=\"https:\/\/ecomatin.net\/\">EcoMatin<\/a>.<\/p>\n<\/div>\n<p>Auteur: EcoMatin<br \/>\n<a href=\"https:\/\/ecomatin.net\/diplomatie-celestin-tawamba-nouveau-consul-honoraire-du-rwanda-au-cameroun\/\">Cliquez ici pour lire l&rsquo;article depuis sa source.<\/a><\/p>\n","protected":false},"excerpt":{"rendered":"<p>C\u2019est une nouvelle distinction qui rentre dans le palmar\u00e8s de C\u00e9lestin Kamanou Tawamba, le Pr\u00e9sident en exercice du Groupement inter patronal du Cameroun (Gicam). En effet, l\u2019on apprend de cette organisation patronale que \u00ab\u00a0le conseil des Ministres du Rwanda, r\u00e9uni hier vendredi 13 mai 2022 sous la pr\u00e9sidence de son Excellence Paul Kagame, Pr\u00e9sident de [&hellip;]<\/p>\n","protected":false},"author":1969,"featured_media":0,"comment_status":"closed","ping_status":"closed","sticky":false,"template":"","format":"standard","meta":{"fifu_image_url":"","fifu_image_alt":"","footnotes":""},"categories":[82,78],"tags":[],"class_list":["post-147726","post","type-post","status-publish","format-standard","hentry","category-cameroun","category-economie"],"_links":{"self":[{"href":"https:\/\/linitiative.ca\/International\/wp-json\/wp\/v2\/posts\/147726","targetHints":{"allow":["GET"]}}],"collection":[{"href":"https:\/\/linitiative.ca\/International\/wp-json\/wp\/v2\/posts"}],"about":[{"href":"https:\/\/linitiative.ca\/International\/wp-json\/wp\/v2\/types\/post"}],"author":[{"embeddable":true,"href":"https:\/\/linitiative.ca\/International\/wp-json\/wp\/v2\/users\/1969"}],"replies":[{"embeddable":true,"href":"https:\/\/linitiative.ca\/International\/wp-json\/wp\/v2\/comments?post=147726"}],"version-history":[{"count":0,"href":"https:\/\/linitiative.ca\/International\/wp-json\/wp\/v2\/posts\/147726\/revisions"}],"wp:attachment":[{"href":"https:\/\/linitiative.ca\/International\/wp-json\/wp\/v2\/media?parent=147726"}],"wp:term":[{"taxonomy":"category","embeddable":true,"href":"https:\/\/linitiative.ca\/International\/wp-json\/wp\/v2\/categories?post=147726"},{"taxonomy":"post_tag","embeddable":true,"href":"https:\/\/linitiative.ca\/International\/wp-json\/wp\/v2\/tags?post=147726"}],"curies":[{"name":"wp","href":"https:\/\/api.w.org\/{rel}","templated":true}]}}