{"id":147727,"date":"2022-05-14T12:11:56","date_gmt":"2022-05-14T16:11:56","guid":{"rendered":"https:\/\/linitiative.ca\/International\/la-marine-royale-celebre-a-casablanca-le-66-eme-anniversaire-de-la-creation-des-far\/"},"modified":"2022-05-14T12:11:56","modified_gmt":"2022-05-14T16:11:56","slug":"la-marine-royale-celebre-a-casablanca-le-66-eme-anniversaire-de-la-creation-des-far","status":"publish","type":"post","link":"https:\/\/linitiative.ca\/International\/la-marine-royale-celebre-a-casablanca-le-66-eme-anniversaire-de-la-creation-des-far\/","title":{"rendered":"La Marine Royale c\u00e9l\u00e8bre \u00e0 Casablanca le 66-\u00e8me anniversaire de la cr\u00e9ation des FAR"},"content":{"rendered":"<div>\n<p><img decoding=\"async\" width=\"300\" height=\"152\" src=\"https:\/\/linitiative.ca\/International\/wp-content\/uploads\/sites\/23\/2022\/05\/marine-casa-300x152-1.png\" class=\"attachment-medium size-medium wp-post-image\" alt=\"\" loading=\"lazy\" srcset=\"https:\/\/linitiative.ca\/International\/wp-content\/uploads\/sites\/23\/2022\/05\/marine-casa-300x152-1.png 300w, https:\/\/aujourdhui.ma\/wp-content\/uploads\/2022\/05\/marine-casa-274x140.png 274w, https:\/\/aujourdhui.ma\/wp-content\/uploads\/2022\/05\/marine-casa-746x380.png 746w, https:\/\/aujourdhui.ma\/wp-content\/uploads\/2022\/05\/marine-casa-165x84.png 165w, https:\/\/aujourdhui.ma\/wp-content\/uploads\/2022\/05\/marine-casa-702x358.png 702w, https:\/\/aujourdhui.ma\/wp-content\/uploads\/2022\/05\/marine-casa.png 748w\" sizes=\"auto, (max-width: 300px) 100vw, 300px\"><\/p>\n<p><span style=\"color: #800000;\"><strong>Une c\u00e9r\u00e9monie a \u00e9t\u00e9 organis\u00e9e, samedi \u00e0 la premi\u00e8re base navale de la Marine Royale \u00e0 Casablanca, \u00e0 l\u2019occasion du 66-\u00e8me anniversaire de la cr\u00e9ation des Forces Arm\u00e9es Royales (FAR).<\/strong><\/span><\/p>\n<p><span id=\"more-407801\"><\/span><\/p>\n<p>Cette c\u00e9r\u00e9monie, pr\u00e9sid\u00e9e par l\u2019inspecteur de la Marine Royale, l\u2019amiral Mostafa El Alami, a \u00e9t\u00e9 marqu\u00e9e par la lecture de l\u2019Ordre du jour adress\u00e9 par Sa Majest\u00e9 le Roi Mohammed VI, Chef Supr\u00eame et Chef d\u2019Etat-major g\u00e9n\u00e9ral des FAR, aux officiers, sous-officiers et militaires de rang.<\/p>\n<p>\u00a0<\/p>\n<p>Dans cet ordre du jour, le Souverain affirme que \u00ab\u00a0Conform\u00e9ment \u00e0 la tradition louable que Nous tenons \u00e0 perp\u00e9tuer et avec une grande fiert\u00e9, Nous Nous adressons aujourd\u2019hui \u00e0 vous, \u00e0 l\u2019occasion du soixante-sixi\u00e8me anniversaire de la cr\u00e9ation des Forces Arm\u00e9es Royales, pour vous exprimer \u00e0 tous, toutes composantes confondues, terrestre, a\u00e9rienne, navale et Gendarmerie Royale, Nos sentiments de sympathie et de satisfaction, pour vos nobles actions et immenses sacrifices consentis pour hisser tr\u00e8s haut les couleurs de la Patrie et d\u00e9fendre sa souverainet\u00e9 et son int\u00e9grit\u00e9 territoriale\u00a0\u00bb.<\/p>\n<p>\u00a0<\/p>\n<p>\u00ab\u00a0Et Nous voici aujourd\u2019hui, et comme chaque ann\u00e9e, nous comm\u00e9morons cet anniversaire si cher dans la m\u00e9moire nationale, symbole des valeurs de coh\u00e9sion, de sacrifice et de n\u00e9gation de soi, dont Nos Forces Arm\u00e9es Royales et le Peuple marocain tout entier tirent, aujourd\u2019hui, les fondements de leur r\u00e9silience et de leur d\u00e9termination \u00e0 faire face \u00e0 toutes les tentatives d\u00e9sesp\u00e9r\u00e9es visant \u00e0 porter atteinte \u00e0 Notre int\u00e9grit\u00e9 territoriale et \u00e0 Nos solides constantes nationales\u00a0\u00bb, souligne le Souverain.<\/p>\n<p>\u00a0<\/p>\n<p>\u00ab\u00a0Et comme chaque ann\u00e9e, Nous nous rem\u00e9morons, en ce jour, avec r\u00e9v\u00e9rence et consid\u00e9ration, les nobles actions des deux d\u00e9funts Rois, Notre Auguste grand-p\u00e8re, Sa Majest\u00e9 le Roi Mohammed V et Notre v\u00e9n\u00e9r\u00e9 p\u00e8re, Sa Majest\u00e9 le Roi Hassan II, que Dieu accorde paix \u00e0 leurs \u00e2mes, en faveur des Forces Arm\u00e9es, priant le Tout-Puissant de les combler de Sa grande mis\u00e9ricorde, et de les accueillir dans Son vaste Paradis, parmi les Proph\u00e8tes, les Saints, les martyrs et les vertueux\u00a0\u00bb, souligne SM le Roi Mohammed VI.<\/p>\n<p>\u00a0<\/p>\n<p>Cette c\u00e9r\u00e9monie a \u00e9t\u00e9 marqu\u00e9e par l\u2019organisation d\u2019un d\u00e9fil\u00e9 militaire auquel ont pris part diff\u00e9rents d\u00e9tachements de la Marine Royale.<\/p>\n<p>\u00a0<\/p>\n<p>A cette occasion, plusieurs officiers, sous-officiers et militaires de rang ont \u00e9t\u00e9 d\u00e9cor\u00e9s de Wissams qui leur ont \u00e9t\u00e9 d\u00e9cern\u00e9s par le Souverain.<\/p>\n<p>\u00a0<\/p>\n<p>\u00a0<\/p>\n<\/div>\n<p>Auteur: ALM<br \/>\n<a href=\"https:\/\/aujourdhui.ma\/actualite\/la-marine-royale-celebre-a-casablanca-le-66-eme-anniversaire-de-la-creation-des-far\">Cliquez ici pour lire l&rsquo;article depuis sa source.<\/a><\/p>\n","protected":false},"excerpt":{"rendered":"<p>Une c\u00e9r\u00e9monie a \u00e9t\u00e9 organis\u00e9e, samedi \u00e0 la premi\u00e8re base navale de la Marine Royale \u00e0 Casablanca, \u00e0 l\u2019occasion du 66-\u00e8me anniversaire de la cr\u00e9ation des Forces Arm\u00e9es Royales (FAR). Cette c\u00e9r\u00e9monie, pr\u00e9sid\u00e9e par l\u2019inspecteur de la Marine Royale, l\u2019amiral Mostafa El Alami, a \u00e9t\u00e9 marqu\u00e9e par la lecture de l\u2019Ordre du jour adress\u00e9 par [&hellip;]<\/p>\n","protected":false},"author":1759,"featured_media":0,"comment_status":"closed","ping_status":"closed","sticky":false,"template":"","format":"standard","meta":{"fifu_image_url":"https:\/\/aujourdhui.ma\/wp-content\/uploads\/2022\/05\/marine-casa-300x152.png","fifu_image_alt":"La Marine Royale c\u00e9l\u00e8bre \u00e0 Casablanca le 66-\u00e8me anniversaire de la cr\u00e9ation des FAR","footnotes":""},"categories":[73,54],"tags":[],"class_list":["post-147727","post","type-post","status-publish","format-standard","hentry","category-actualite","category-maroc"],"_links":{"self":[{"href":"https:\/\/linitiative.ca\/International\/wp-json\/wp\/v2\/posts\/147727","targetHints":{"allow":["GET"]}}],"collection":[{"href":"https:\/\/linitiative.ca\/International\/wp-json\/wp\/v2\/posts"}],"about":[{"href":"https:\/\/linitiative.ca\/International\/wp-json\/wp\/v2\/types\/post"}],"author":[{"embeddable":true,"href":"https:\/\/linitiative.ca\/International\/wp-json\/wp\/v2\/users\/1759"}],"replies":[{"embeddable":true,"href":"https:\/\/linitiative.ca\/International\/wp-json\/wp\/v2\/comments?post=147727"}],"version-history":[{"count":0,"href":"https:\/\/linitiative.ca\/International\/wp-json\/wp\/v2\/posts\/147727\/revisions"}],"wp:attachment":[{"href":"https:\/\/linitiative.ca\/International\/wp-json\/wp\/v2\/media?parent=147727"}],"wp:term":[{"taxonomy":"category","embeddable":true,"href":"https:\/\/linitiative.ca\/International\/wp-json\/wp\/v2\/categories?post=147727"},{"taxonomy":"post_tag","embeddable":true,"href":"https:\/\/linitiative.ca\/International\/wp-json\/wp\/v2\/tags?post=147727"}],"curies":[{"name":"wp","href":"https:\/\/api.w.org\/{rel}","templated":true}]}}