{"id":147729,"date":"2022-05-14T13:16:56","date_gmt":"2022-05-14T17:16:56","guid":{"rendered":"https:\/\/linitiative.ca\/International\/coupe-du-trone-saison-2019-2020-las-far-remporte-le-titre-aux-depens-du-moghreb-de-tetouan\/"},"modified":"2022-05-14T13:16:56","modified_gmt":"2022-05-14T17:16:56","slug":"coupe-du-trone-saison-2019-2020-las-far-remporte-le-titre-aux-depens-du-moghreb-de-tetouan","status":"publish","type":"post","link":"https:\/\/linitiative.ca\/International\/coupe-du-trone-saison-2019-2020-las-far-remporte-le-titre-aux-depens-du-moghreb-de-tetouan\/","title":{"rendered":"Coupe du Tr\u00f4ne (saison 2019-2020) : l\u2019AS FAR remporte le titre aux d\u00e9pens du Moghreb de T\u00e9touan"},"content":{"rendered":"<div>\n<p><img decoding=\"async\" width=\"300\" height=\"153\" src=\"https:\/\/linitiative.ca\/International\/wp-content\/uploads\/sites\/23\/2022\/05\/as-far-300x153-1.png\" class=\"attachment-medium size-medium wp-post-image\" alt=\"\" loading=\"lazy\" srcset=\"https:\/\/linitiative.ca\/International\/wp-content\/uploads\/sites\/23\/2022\/05\/as-far-300x153-1.png 300w, https:\/\/aujourdhui.ma\/wp-content\/uploads\/2022\/05\/as-far-274x140.png 274w, https:\/\/aujourdhui.ma\/wp-content\/uploads\/2022\/05\/as-far-746x380.png 746w, https:\/\/aujourdhui.ma\/wp-content\/uploads\/2022\/05\/as-far-165x84.png 165w, https:\/\/aujourdhui.ma\/wp-content\/uploads\/2022\/05\/as-far-702x358.png 702w, https:\/\/aujourdhui.ma\/wp-content\/uploads\/2022\/05\/as-far.png 747w\" sizes=\"auto, (max-width: 300px) 100vw, 300px\"><\/p>\n<p><span style=\"color: #800000;\"><strong>L\u2019AS FAR a remport\u00e9 la Coupe du tr\u00f4ne de football (saison 2019-2020) apr\u00e8s sa victoire en finale face au Moghreb de T\u00e9touan sur le score de 3 buts \u00e0 0 (mi-temps 0-0), samedi au Grand stade d\u2019Agadir.<\/strong><\/span><span id=\"more-407805\"><\/span><\/p>\n<p>Les buts de la rencontre ont \u00e9t\u00e9 marqu\u00e9s par Monteiro Borges (55\u00e8), Adam Ennafati (65\u00e8) et Abdelilah Amimi (90\u00e8).<\/p>\n<\/div>\n<p>Auteur: ALM<br \/>\n<a href=\"https:\/\/aujourdhui.ma\/une\/coupe-du-trone-saison-2019-2020-las-far-remporte-le-titre-aux-depens-du-moghreb-de-tetouan\">Cliquez ici pour lire l&rsquo;article depuis sa source.<\/a><\/p>\n","protected":false},"excerpt":{"rendered":"<p>L\u2019AS FAR a remport\u00e9 la Coupe du tr\u00f4ne de football (saison 2019-2020) apr\u00e8s sa victoire en finale face au Moghreb de T\u00e9touan sur le score de 3 buts \u00e0 0 (mi-temps 0-0), samedi au Grand stade d\u2019Agadir. Les buts de la rencontre ont \u00e9t\u00e9 marqu\u00e9s par Monteiro Borges (55\u00e8), Adam Ennafati (65\u00e8) et Abdelilah Amimi [&hellip;]<\/p>\n","protected":false},"author":1759,"featured_media":0,"comment_status":"closed","ping_status":"closed","sticky":false,"template":"","format":"standard","meta":{"fifu_image_url":"https:\/\/aujourdhui.ma\/wp-content\/uploads\/2022\/05\/as-far-300x153.png","fifu_image_alt":"Coupe du Tr\u00f4ne (saison 2019-2020) : l\u2019AS FAR remporte le titre aux d\u00e9pens du Moghreb de T\u00e9touan","footnotes":""},"categories":[73,54],"tags":[],"class_list":["post-147729","post","type-post","status-publish","format-standard","hentry","category-actualite","category-maroc"],"_links":{"self":[{"href":"https:\/\/linitiative.ca\/International\/wp-json\/wp\/v2\/posts\/147729","targetHints":{"allow":["GET"]}}],"collection":[{"href":"https:\/\/linitiative.ca\/International\/wp-json\/wp\/v2\/posts"}],"about":[{"href":"https:\/\/linitiative.ca\/International\/wp-json\/wp\/v2\/types\/post"}],"author":[{"embeddable":true,"href":"https:\/\/linitiative.ca\/International\/wp-json\/wp\/v2\/users\/1759"}],"replies":[{"embeddable":true,"href":"https:\/\/linitiative.ca\/International\/wp-json\/wp\/v2\/comments?post=147729"}],"version-history":[{"count":0,"href":"https:\/\/linitiative.ca\/International\/wp-json\/wp\/v2\/posts\/147729\/revisions"}],"wp:attachment":[{"href":"https:\/\/linitiative.ca\/International\/wp-json\/wp\/v2\/media?parent=147729"}],"wp:term":[{"taxonomy":"category","embeddable":true,"href":"https:\/\/linitiative.ca\/International\/wp-json\/wp\/v2\/categories?post=147729"},{"taxonomy":"post_tag","embeddable":true,"href":"https:\/\/linitiative.ca\/International\/wp-json\/wp\/v2\/tags?post=147729"}],"curies":[{"name":"wp","href":"https:\/\/api.w.org\/{rel}","templated":true}]}}