{"id":147743,"date":"2022-05-15T10:52:30","date_gmt":"2022-05-15T14:52:30","guid":{"rendered":"https:\/\/linitiative.ca\/International\/iba-abdeljaouad-belhaj-rejoint-le-conseil-dadministration\/"},"modified":"2022-05-15T10:52:30","modified_gmt":"2022-05-15T14:52:30","slug":"iba-abdeljaouad-belhaj-rejoint-le-conseil-dadministration","status":"publish","type":"post","link":"https:\/\/linitiative.ca\/International\/iba-abdeljaouad-belhaj-rejoint-le-conseil-dadministration\/","title":{"rendered":"IBA: Abdeljaouad Belhaj rejoint le Conseil d&rsquo;administration"},"content":{"rendered":"<div>\n<div class=\"field field-name-body field-type-text-with-summary field-label-hidden\">\n<div class=\"field-items\">\n<div class=\"field-item even\" property=\"content:encoded\">\n<p class=\"rtejustify\">Le Pr\u00e9sident de la F\u00e9d\u00e9ration royale marocaine de boxe (FRMB), Abdeljaouad Belhaj, a \u00e9t\u00e9 \u00e9lu membre du Conseil d\u2019Administration de l\u2019Association internationale de boxe (IBA). Le patron de la boxe nationale a \u00e9t\u00e9 \u00e9lu\u00a0en tant que repr\u00e9sentant de l&rsquo;Afrique au bureau ex\u00e9cutif de l\u2019IBA, qui compte 10 membres, apr\u00e8s avoir re\u00e7u 82 voix, lors de l&rsquo;Assembl\u00e9e g\u00e9n\u00e9rale extraordinaire de l&rsquo;IBA, tenue samedi \u00e0 Istanbul.<\/p>\n<p class=\"rtejustify\">Lors de cette A.G, le Russe Umar Kremlev, unique\u00a0seul candidat \u00e0 sa succession, a \u00e9t\u00e9 r\u00e9\u00e9lu \u00e0 la pr\u00e9sidence pour un nouveau mandat.<\/p>\n<\/div>\n<\/div>\n<\/div>\n<\/div>\n<p>Auteur: hgueye<br \/>\n<a href=\"https:\/\/www.leconomiste.com\/flash-infos\/iba-abdeljaouad-belhaj-rejoint-le-conseil-d-administration\">Cliquez ici pour lire l&rsquo;article depuis sa source.<\/a><\/p>\n","protected":false},"excerpt":{"rendered":"<p>Le Pr\u00e9sident de la F\u00e9d\u00e9ration royale marocaine de boxe (FRMB), Abdeljaouad Belhaj, a \u00e9t\u00e9 \u00e9lu membre du Conseil d\u2019Administration de l\u2019Association internationale de boxe (IBA). Le patron de la boxe nationale a \u00e9t\u00e9 \u00e9lu\u00a0en tant que repr\u00e9sentant de l&rsquo;Afrique au bureau ex\u00e9cutif de l\u2019IBA, qui compte 10 membres, apr\u00e8s avoir re\u00e7u 82 voix, lors de [&hellip;]<\/p>\n","protected":false},"author":1763,"featured_media":0,"comment_status":"closed","ping_status":"closed","sticky":false,"template":"","format":"standard","meta":{"fifu_image_url":"","fifu_image_alt":"","footnotes":""},"categories":[78,54],"tags":[],"class_list":["post-147743","post","type-post","status-publish","format-standard","hentry","category-economie","category-maroc"],"_links":{"self":[{"href":"https:\/\/linitiative.ca\/International\/wp-json\/wp\/v2\/posts\/147743","targetHints":{"allow":["GET"]}}],"collection":[{"href":"https:\/\/linitiative.ca\/International\/wp-json\/wp\/v2\/posts"}],"about":[{"href":"https:\/\/linitiative.ca\/International\/wp-json\/wp\/v2\/types\/post"}],"author":[{"embeddable":true,"href":"https:\/\/linitiative.ca\/International\/wp-json\/wp\/v2\/users\/1763"}],"replies":[{"embeddable":true,"href":"https:\/\/linitiative.ca\/International\/wp-json\/wp\/v2\/comments?post=147743"}],"version-history":[{"count":0,"href":"https:\/\/linitiative.ca\/International\/wp-json\/wp\/v2\/posts\/147743\/revisions"}],"wp:attachment":[{"href":"https:\/\/linitiative.ca\/International\/wp-json\/wp\/v2\/media?parent=147743"}],"wp:term":[{"taxonomy":"category","embeddable":true,"href":"https:\/\/linitiative.ca\/International\/wp-json\/wp\/v2\/categories?post=147743"},{"taxonomy":"post_tag","embeddable":true,"href":"https:\/\/linitiative.ca\/International\/wp-json\/wp\/v2\/tags?post=147743"}],"curies":[{"name":"wp","href":"https:\/\/api.w.org\/{rel}","templated":true}]}}