{"id":147744,"date":"2022-05-15T11:01:23","date_gmt":"2022-05-15T15:01:23","guid":{"rendered":"https:\/\/linitiative.ca\/International\/deces-de-cheikh-khalifa-ben-zayed-al-nahyane-le-prince-moulay-rachid-represente-le-roi-au-abu-dhabi\/"},"modified":"2022-05-15T11:01:23","modified_gmt":"2022-05-15T15:01:23","slug":"deces-de-cheikh-khalifa-ben-zayed-al-nahyane-le-prince-moulay-rachid-represente-le-roi-au-abu-dhabi","status":"publish","type":"post","link":"https:\/\/linitiative.ca\/International\/deces-de-cheikh-khalifa-ben-zayed-al-nahyane-le-prince-moulay-rachid-represente-le-roi-au-abu-dhabi\/","title":{"rendered":"D\u00e9c\u00e8s de Cheikh Khalifa Ben Zayed Al Nahyane: Le Prince Moulay Rachid repr\u00e9sente le Roi au Abu Dhabi"},"content":{"rendered":"<div>\n<div class=\"field field-name-body field-type-text-with-summary field-label-hidden\">\n<div class=\"field-items\">\n<div class=\"field-item even\" property=\"content:encoded\">\n<p class=\"rtejustify\">Le Prince Moulay Rachid a repr\u00e9sent\u00e9, dimanche \u00e0 Abou Dhabi, le Roi Mohammed VI \u00e0 la pr\u00e9sentation des condol\u00e9ances, suite au d\u00e9c\u00e8s de Cheikh Khalifa Ben Zayed Al Nahyane. Moulay Rachid a pr\u00e9sent\u00e9, lors de l&rsquo;audience que lui a accord\u00e9e\u00a0Cheikh Mohammed Ben Zayed Al Nahyane, Pr\u00e9sident de l&rsquo;Etat des Emirats Arabes Unis, les condol\u00e9ances du Souverain.<\/p>\n<\/div>\n<\/div>\n<\/div>\n<\/div>\n<p>Auteur: hgueye<br \/>\n<a href=\"https:\/\/www.leconomiste.com\/flash-infos\/deces-de-cheikh-khalifa-ben-zayed-al-nahyane-le-prince-moulay-rachid-represente-le-roi\">Cliquez ici pour lire l&rsquo;article depuis sa source.<\/a><\/p>\n","protected":false},"excerpt":{"rendered":"<p>Le Prince Moulay Rachid a repr\u00e9sent\u00e9, dimanche \u00e0 Abou Dhabi, le Roi Mohammed VI \u00e0 la pr\u00e9sentation des condol\u00e9ances, suite au d\u00e9c\u00e8s de Cheikh Khalifa Ben Zayed Al Nahyane. Moulay Rachid a pr\u00e9sent\u00e9, lors de l&rsquo;audience que lui a accord\u00e9e\u00a0Cheikh Mohammed Ben Zayed Al Nahyane, Pr\u00e9sident de l&rsquo;Etat des Emirats Arabes Unis, les condol\u00e9ances du [&hellip;]<\/p>\n","protected":false},"author":1763,"featured_media":0,"comment_status":"closed","ping_status":"closed","sticky":false,"template":"","format":"standard","meta":{"fifu_image_url":"","fifu_image_alt":"","footnotes":""},"categories":[78,54],"tags":[],"class_list":["post-147744","post","type-post","status-publish","format-standard","hentry","category-economie","category-maroc"],"_links":{"self":[{"href":"https:\/\/linitiative.ca\/International\/wp-json\/wp\/v2\/posts\/147744","targetHints":{"allow":["GET"]}}],"collection":[{"href":"https:\/\/linitiative.ca\/International\/wp-json\/wp\/v2\/posts"}],"about":[{"href":"https:\/\/linitiative.ca\/International\/wp-json\/wp\/v2\/types\/post"}],"author":[{"embeddable":true,"href":"https:\/\/linitiative.ca\/International\/wp-json\/wp\/v2\/users\/1763"}],"replies":[{"embeddable":true,"href":"https:\/\/linitiative.ca\/International\/wp-json\/wp\/v2\/comments?post=147744"}],"version-history":[{"count":0,"href":"https:\/\/linitiative.ca\/International\/wp-json\/wp\/v2\/posts\/147744\/revisions"}],"wp:attachment":[{"href":"https:\/\/linitiative.ca\/International\/wp-json\/wp\/v2\/media?parent=147744"}],"wp:term":[{"taxonomy":"category","embeddable":true,"href":"https:\/\/linitiative.ca\/International\/wp-json\/wp\/v2\/categories?post=147744"},{"taxonomy":"post_tag","embeddable":true,"href":"https:\/\/linitiative.ca\/International\/wp-json\/wp\/v2\/tags?post=147744"}],"curies":[{"name":"wp","href":"https:\/\/api.w.org\/{rel}","templated":true}]}}