{"id":147750,"date":"2022-05-15T04:00:00","date_gmt":"2022-05-15T08:00:00","guid":{"rendered":"https:\/\/linitiative.ca\/International\/leconomie-americaine-est-en-train-de-ralentir-rapidement-et-les-risques-de-recession-augmentent\/"},"modified":"2022-05-15T04:00:00","modified_gmt":"2022-05-15T08:00:00","slug":"leconomie-americaine-est-en-train-de-ralentir-rapidement-et-les-risques-de-recession-augmentent","status":"publish","type":"post","link":"https:\/\/linitiative.ca\/International\/leconomie-americaine-est-en-train-de-ralentir-rapidement-et-les-risques-de-recession-augmentent\/","title":{"rendered":"L&rsquo;\u00e9conomie am\u00e9ricaine est en train de ralentir rapidement et les risques de r\u00e9cession augmentent"},"content":{"rendered":"<div><img decoding=\"async\" src=\"https:\/\/linitiative.ca\/International\/wp-content\/uploads\/sites\/23\/2022\/05\/1652525770_article.jpg\" alt=\"L\" am est en train de ralentir rapidement et les risques r augmentent align=\"left\">Le choc Covid-19 a entra\u00een\u00e9 un ralentissement brutal mais de courte dur\u00e9e, au cours duquel l&rsquo;\u00e9conomie am\u00e9ricaine a connu une reprise \u00e9pique. En effet, apr\u00e8s un effondrement du PIB de plus de 31 % en rythme annuel au deuxi\u00e8me trimestre 2020, l&rsquo;\u00e9conomie am\u00e9ricaine a fortement rebondi, affichant des taux de croissance annualis\u00e9s soutenus au cours des trimestres suivants jusqu&rsquo;au quatri\u00e8me trimestre de l&rsquo;ann\u00e9e derni\u00e8re. Aujourd&rsquo;hui, l&rsquo;\u00e9conomie am\u00e9ricaine se trouve au centre d&rsquo;un autre tournant.<br \/>\nCroissance du PIB am\u00e9ricain du 4e trimestre 2019 au 4e trimestre 2021<br \/>\n(trimestriel, annualis\u00e9, %)<\/p>\n<p>Sources: Haver, analyse QNB<br \/>\nJusqu&rsquo;\u00e0 r\u00e9cemment, les pr\u00e9visions du consensus &#8230;<\/p>\n<\/div>\n<p>Auteur:<br \/>\n<a href=\"https:\/\/www.leaders.com.tn\/article\/33342-l-economie-americaine-est-en-train-de-ralentir-rapidement-et-les-risques-de-recession-augmentent\">Cliquez ici pour lire l&rsquo;article depuis sa source.<\/a><\/p>\n","protected":false},"excerpt":{"rendered":"<p>Le choc Covid-19 a entra\u00een\u00e9 un ralentissement brutal mais de courte dur\u00e9e, au cours duquel l&rsquo;\u00e9conomie am\u00e9ricaine a connu une reprise \u00e9pique. En effet, apr\u00e8s un effondrement du PIB de plus de 31 % en rythme annuel au deuxi\u00e8me trimestre 2020, l&rsquo;\u00e9conomie am\u00e9ricaine a fortement rebondi, affichant des taux de croissance annualis\u00e9s soutenus au cours [&hellip;]<\/p>\n","protected":false},"author":1772,"featured_media":0,"comment_status":"closed","ping_status":"closed","sticky":false,"template":"","format":"standard","meta":{"fifu_image_url":"http:\/\/www.leaders.com.tn\/uploads\/content\/thumbnails_small\/1652525770_article.jpg","fifu_image_alt":"<div>L'\u00e9conomie am\u00e9ricaine est en train de ralentir rapidement et les risques de r\u00e9cession augmentent<\/div>","footnotes":""},"categories":[73,55],"tags":[],"class_list":["post-147750","post","type-post","status-publish","format-standard","hentry","category-actualite","category-tunisie"],"_links":{"self":[{"href":"https:\/\/linitiative.ca\/International\/wp-json\/wp\/v2\/posts\/147750","targetHints":{"allow":["GET"]}}],"collection":[{"href":"https:\/\/linitiative.ca\/International\/wp-json\/wp\/v2\/posts"}],"about":[{"href":"https:\/\/linitiative.ca\/International\/wp-json\/wp\/v2\/types\/post"}],"author":[{"embeddable":true,"href":"https:\/\/linitiative.ca\/International\/wp-json\/wp\/v2\/users\/1772"}],"replies":[{"embeddable":true,"href":"https:\/\/linitiative.ca\/International\/wp-json\/wp\/v2\/comments?post=147750"}],"version-history":[{"count":0,"href":"https:\/\/linitiative.ca\/International\/wp-json\/wp\/v2\/posts\/147750\/revisions"}],"wp:attachment":[{"href":"https:\/\/linitiative.ca\/International\/wp-json\/wp\/v2\/media?parent=147750"}],"wp:term":[{"taxonomy":"category","embeddable":true,"href":"https:\/\/linitiative.ca\/International\/wp-json\/wp\/v2\/categories?post=147750"},{"taxonomy":"post_tag","embeddable":true,"href":"https:\/\/linitiative.ca\/International\/wp-json\/wp\/v2\/tags?post=147750"}],"curies":[{"name":"wp","href":"https:\/\/api.w.org\/{rel}","templated":true}]}}