{"id":147752,"date":"2022-05-15T04:00:00","date_gmt":"2022-05-15T08:00:00","guid":{"rendered":"https:\/\/linitiative.ca\/International\/sommet-du-neguev-ou-sommet-de-la-desertification-de-la-sagacite-des-arabes\/"},"modified":"2022-05-15T04:00:00","modified_gmt":"2022-05-15T08:00:00","slug":"sommet-du-neguev-ou-sommet-de-la-desertification-de-la-sagacite-des-arabes","status":"publish","type":"post","link":"https:\/\/linitiative.ca\/International\/sommet-du-neguev-ou-sommet-de-la-desertification-de-la-sagacite-des-arabes\/","title":{"rendered":"Sommet du N\u00e9guev ou sommet de la d\u00e9sertification de la sagacit\u00e9 des Arabes"},"content":{"rendered":"<div><img decoding=\"async\" src=\"https:\/\/linitiative.ca\/International\/wp-content\/uploads\/sites\/23\/2022\/05\/1652455587_article.jpg\" alt=\"Sommet du N\u00e9guev ou sommet de la d\u00e9sertification de la sagacit\u00e9 des Arabes\" align=\"left\">Par Mohamed Ibrahim Hsairi &#8211; Le dimanche soir et le lundi matin 27 et 28 mars 2022, \u00e0 deux jours seulement de la comm\u00e9moration annuelle de la journ\u00e9e palestinienne de la terre, les ministres des Affaires \u00e9trang\u00e8res d\u2019Isra\u00ebl, des Etats-Unis d\u2019Am\u00e9rique et de quatre pays arabes qui sont les \u00c9mirats arabes unis, le Bahre\u00efn, le Maroc et l\u2019Egypte, se sont r\u00e9unis \u00e0 Sde Boker, un kibboutz du d\u00e9sert du N\u00e9guev o\u00f9 a v\u00e9cu et est enterr\u00e9 David Ben Gourion, le fondateur d\u2019Isra\u00ebl. Appel\u00e9e, au m\u00e9pris de la tradition bien \u00e9tablie, \u00abSommet du N\u00e9guev\u00bb pour souligner son importance, cette r\u00e9union a \u00e9t\u00e9 qualifi\u00e9e par les Isra\u00e9liens d\u2019exceptionnelle, d\u2019in\u00e9dite et &#8230;<\/p>\n<\/div>\n<p>Auteur:<br \/>\n<a href=\"https:\/\/www.leaders.com.tn\/article\/33341-sommet-du-neguev-ou-sommet-de-la-desertification-de-la-sagacite-des-arabes\">Cliquez ici pour lire l&rsquo;article depuis sa source.<\/a><\/p>\n","protected":false},"excerpt":{"rendered":"<p>Par Mohamed Ibrahim Hsairi &#8211; Le dimanche soir et le lundi matin 27 et 28 mars 2022, \u00e0 deux jours seulement de la comm\u00e9moration annuelle de la journ\u00e9e palestinienne de la terre, les ministres des Affaires \u00e9trang\u00e8res d\u2019Isra\u00ebl, des Etats-Unis d\u2019Am\u00e9rique et de quatre pays arabes qui sont les \u00c9mirats arabes unis, le Bahre\u00efn, le [&hellip;]<\/p>\n","protected":false},"author":1772,"featured_media":0,"comment_status":"closed","ping_status":"closed","sticky":false,"template":"","format":"standard","meta":{"fifu_image_url":"http:\/\/www.leaders.com.tn\/uploads\/content\/thumbnails_small\/1652455587_article.jpg","fifu_image_alt":"Sommet du N\u00e9guev ou sommet de la d\u00e9sertification de la sagacit\u00e9 des Arabes","footnotes":""},"categories":[73,55],"tags":[],"class_list":["post-147752","post","type-post","status-publish","format-standard","hentry","category-actualite","category-tunisie"],"_links":{"self":[{"href":"https:\/\/linitiative.ca\/International\/wp-json\/wp\/v2\/posts\/147752","targetHints":{"allow":["GET"]}}],"collection":[{"href":"https:\/\/linitiative.ca\/International\/wp-json\/wp\/v2\/posts"}],"about":[{"href":"https:\/\/linitiative.ca\/International\/wp-json\/wp\/v2\/types\/post"}],"author":[{"embeddable":true,"href":"https:\/\/linitiative.ca\/International\/wp-json\/wp\/v2\/users\/1772"}],"replies":[{"embeddable":true,"href":"https:\/\/linitiative.ca\/International\/wp-json\/wp\/v2\/comments?post=147752"}],"version-history":[{"count":0,"href":"https:\/\/linitiative.ca\/International\/wp-json\/wp\/v2\/posts\/147752\/revisions"}],"wp:attachment":[{"href":"https:\/\/linitiative.ca\/International\/wp-json\/wp\/v2\/media?parent=147752"}],"wp:term":[{"taxonomy":"category","embeddable":true,"href":"https:\/\/linitiative.ca\/International\/wp-json\/wp\/v2\/categories?post=147752"},{"taxonomy":"post_tag","embeddable":true,"href":"https:\/\/linitiative.ca\/International\/wp-json\/wp\/v2\/tags?post=147752"}],"curies":[{"name":"wp","href":"https:\/\/api.w.org\/{rel}","templated":true}]}}