{"id":147767,"date":"2022-05-15T15:42:41","date_gmt":"2022-05-15T19:42:41","guid":{"rendered":"https:\/\/linitiative.ca\/International\/tunisie-jebeniana-deux-cadavres-rejetes-par-la-mer\/"},"modified":"2022-05-15T15:42:41","modified_gmt":"2022-05-15T19:42:41","slug":"tunisie-jebeniana-deux-cadavres-rejetes-par-la-mer","status":"publish","type":"post","link":"https:\/\/linitiative.ca\/International\/tunisie-jebeniana-deux-cadavres-rejetes-par-la-mer\/","title":{"rendered":"Tunisie \u2013 Jebeniana\u00a0: Deux cadavres rejet\u00e9s par la mer"},"content":{"rendered":"<div>\n<p>Deux cadavres, revenant, probablement, \u00e0 des immigr\u00e9s d\u2019Afrique sub-saharienne, ont \u00e9t\u00e9 rejet\u00e9s par la mer, sur la plage de Massarra, pr\u00e8s de Jebeniana. Ils ont \u00e9t\u00e9 confi\u00e9s au m\u00e9decin l\u00e9giste pour les besoins de l\u2019identification.<\/p>\n<p>L\u2019article <a href=\"https:\/\/www.tunisienumerique.com\/tunisie-jebeniana-deux-cadavres-rejetes-par-la-mer\/\">Tunisie \u2013 Jebeniana\u00a0: Deux cadavres rejet\u00e9s par la mer<\/a> est apparu en premier sur <a href=\"https:\/\/www.tunisienumerique.com\/\">Tunisie<\/a>.<\/p>\n<\/div>\n<p>Auteur: LM<br \/>\n<a href=\"https:\/\/www.tunisienumerique.com\/tunisie-jebeniana-deux-cadavres-rejetes-par-la-mer\/\">Cliquez ici pour lire l&rsquo;article depuis sa source.<\/a><\/p>\n","protected":false},"excerpt":{"rendered":"<p>Deux cadavres, revenant, probablement, \u00e0 des immigr\u00e9s d\u2019Afrique sub-saharienne, ont \u00e9t\u00e9 rejet\u00e9s par la mer, sur la plage de Massarra, pr\u00e8s de Jebeniana. Ils ont \u00e9t\u00e9 confi\u00e9s au m\u00e9decin l\u00e9giste pour les besoins de l\u2019identification. L\u2019article Tunisie \u2013 Jebeniana\u00a0: Deux cadavres rejet\u00e9s par la mer est apparu en premier sur Tunisie. Auteur: LM Cliquez ici [&hellip;]<\/p>\n","protected":false},"author":1789,"featured_media":0,"comment_status":"closed","ping_status":"closed","sticky":false,"template":"","format":"standard","meta":{"fifu_image_url":"","fifu_image_alt":"","footnotes":""},"categories":[73,55],"tags":[],"class_list":["post-147767","post","type-post","status-publish","format-standard","hentry","category-actualite","category-tunisie"],"_links":{"self":[{"href":"https:\/\/linitiative.ca\/International\/wp-json\/wp\/v2\/posts\/147767","targetHints":{"allow":["GET"]}}],"collection":[{"href":"https:\/\/linitiative.ca\/International\/wp-json\/wp\/v2\/posts"}],"about":[{"href":"https:\/\/linitiative.ca\/International\/wp-json\/wp\/v2\/types\/post"}],"author":[{"embeddable":true,"href":"https:\/\/linitiative.ca\/International\/wp-json\/wp\/v2\/users\/1789"}],"replies":[{"embeddable":true,"href":"https:\/\/linitiative.ca\/International\/wp-json\/wp\/v2\/comments?post=147767"}],"version-history":[{"count":0,"href":"https:\/\/linitiative.ca\/International\/wp-json\/wp\/v2\/posts\/147767\/revisions"}],"wp:attachment":[{"href":"https:\/\/linitiative.ca\/International\/wp-json\/wp\/v2\/media?parent=147767"}],"wp:term":[{"taxonomy":"category","embeddable":true,"href":"https:\/\/linitiative.ca\/International\/wp-json\/wp\/v2\/categories?post=147767"},{"taxonomy":"post_tag","embeddable":true,"href":"https:\/\/linitiative.ca\/International\/wp-json\/wp\/v2\/tags?post=147767"}],"curies":[{"name":"wp","href":"https:\/\/api.w.org\/{rel}","templated":true}]}}