{"id":147768,"date":"2022-05-15T16:17:06","date_gmt":"2022-05-15T20:17:06","guid":{"rendered":"https:\/\/linitiative.ca\/International\/tunisie-le-kef-un-nouveau-drame-des-ouvrieres-agricoles\/"},"modified":"2022-05-15T16:17:06","modified_gmt":"2022-05-15T20:17:06","slug":"tunisie-le-kef-un-nouveau-drame-des-ouvrieres-agricoles","status":"publish","type":"post","link":"https:\/\/linitiative.ca\/International\/tunisie-le-kef-un-nouveau-drame-des-ouvrieres-agricoles\/","title":{"rendered":"Tunisie \u2013 Le Kef\u00a0: Un nouveau drame des ouvri\u00e8res agricoles"},"content":{"rendered":"<div>\n<p>Cinq ouvri\u00e8res agricoles ont \u00e9t\u00e9 bless\u00e9es, ce dimanche apr\u00e8s-midi, dans l\u2019accident de leur camionnette avec un poids lourd. Elles ont d\u00fb \u00eatre transf\u00e9r\u00e9es \u00e0 l\u2019h\u00f4pital de Nebeur \u00e0 bord de deux ambulances mobilis\u00e9es pour la circonstance.<\/p>\n<p>L\u2019article <a href=\"https:\/\/www.tunisienumerique.com\/tunisie-le-kef-un-nouveau-drame-des-ouvrieres-agricoles\/\">Tunisie \u2013 Le Kef\u00a0: Un nouveau drame des ouvri\u00e8res agricoles<\/a> est apparu en premier sur <a href=\"https:\/\/www.tunisienumerique.com\/\">Tunisie<\/a>.<\/p>\n<\/div>\n<p>Auteur: LM<br \/>\n<a href=\"https:\/\/www.tunisienumerique.com\/tunisie-le-kef-un-nouveau-drame-des-ouvrieres-agricoles\/\">Cliquez ici pour lire l&rsquo;article depuis sa source.<\/a><\/p>\n","protected":false},"excerpt":{"rendered":"<p>Cinq ouvri\u00e8res agricoles ont \u00e9t\u00e9 bless\u00e9es, ce dimanche apr\u00e8s-midi, dans l\u2019accident de leur camionnette avec un poids lourd. Elles ont d\u00fb \u00eatre transf\u00e9r\u00e9es \u00e0 l\u2019h\u00f4pital de Nebeur \u00e0 bord de deux ambulances mobilis\u00e9es pour la circonstance. L\u2019article Tunisie \u2013 Le Kef\u00a0: Un nouveau drame des ouvri\u00e8res agricoles est apparu en premier sur Tunisie. Auteur: LM [&hellip;]<\/p>\n","protected":false},"author":1789,"featured_media":0,"comment_status":"closed","ping_status":"closed","sticky":false,"template":"","format":"standard","meta":{"fifu_image_url":"","fifu_image_alt":"","footnotes":""},"categories":[73,55],"tags":[],"class_list":["post-147768","post","type-post","status-publish","format-standard","hentry","category-actualite","category-tunisie"],"_links":{"self":[{"href":"https:\/\/linitiative.ca\/International\/wp-json\/wp\/v2\/posts\/147768","targetHints":{"allow":["GET"]}}],"collection":[{"href":"https:\/\/linitiative.ca\/International\/wp-json\/wp\/v2\/posts"}],"about":[{"href":"https:\/\/linitiative.ca\/International\/wp-json\/wp\/v2\/types\/post"}],"author":[{"embeddable":true,"href":"https:\/\/linitiative.ca\/International\/wp-json\/wp\/v2\/users\/1789"}],"replies":[{"embeddable":true,"href":"https:\/\/linitiative.ca\/International\/wp-json\/wp\/v2\/comments?post=147768"}],"version-history":[{"count":0,"href":"https:\/\/linitiative.ca\/International\/wp-json\/wp\/v2\/posts\/147768\/revisions"}],"wp:attachment":[{"href":"https:\/\/linitiative.ca\/International\/wp-json\/wp\/v2\/media?parent=147768"}],"wp:term":[{"taxonomy":"category","embeddable":true,"href":"https:\/\/linitiative.ca\/International\/wp-json\/wp\/v2\/categories?post=147768"},{"taxonomy":"post_tag","embeddable":true,"href":"https:\/\/linitiative.ca\/International\/wp-json\/wp\/v2\/tags?post=147768"}],"curies":[{"name":"wp","href":"https:\/\/api.w.org\/{rel}","templated":true}]}}