{"id":147781,"date":"2022-05-15T14:05:17","date_gmt":"2022-05-15T18:05:17","guid":{"rendered":"https:\/\/linitiative.ca\/International\/commerce-sous-regional-232-produits-camerounais-obtiennent-le-tarif-preferentiel-cemac\/"},"modified":"2022-05-15T14:05:17","modified_gmt":"2022-05-15T18:05:17","slug":"commerce-sous-regional-232-produits-camerounais-obtiennent-le-tarif-preferentiel-cemac","status":"publish","type":"post","link":"https:\/\/linitiative.ca\/International\/commerce-sous-regional-232-produits-camerounais-obtiennent-le-tarif-preferentiel-cemac\/","title":{"rendered":"Commerce sous-r\u00e9gional\u00a0: 232 produits camerounais obtiennent le tarif pr\u00e9f\u00e9rentiel Cemac"},"content":{"rendered":"<div>\n<p>365 nouveaux produits, issus de 23 entreprises de la zone Cemac, viennent d\u2019obtenir l\u2019agr\u00e9ment au tarif pr\u00e9f\u00e9rentiel Cemac. En effet, du 2 au 7 mai 2022, la ville de Douala a accueilli les travaux du comit\u00e9 r\u00e9gional de l\u2019origine et de la commission permanente du commerce e t d e s investissement s . Les travaux pr\u00e9sid\u00e9s par Michel Niama, commissaire du march\u00e9 commun de la commission de la Cemac avait pour but d\u2019approuver la demande d\u2019agr\u00e9ment au tarif pr\u00e9f\u00e9rentiel Cemac, de ces produits soumis par 4 pays sur les six que comportent la Cemac (Cameroun, Guin\u00e9e- Equatoriale, Gabon, et Congo).<\/p>\n<p>Sur les 365 produits qui viennent ainsi d\u2019obtenir un avis favorable du comit\u00e9 d\u2019origine de la Cemac, figurent 232 produits camerounais, fabriqu\u00e9s par 11 entreprises nationales. Ce qui porte ainsi \u00e0 764 le nombre de produits camerounais en libre circulation dans l\u2019espace Cemac. S\u2019agissant des autres pays ayant soumissionn\u00e9, le Congo obtient un quitus sur 46 produits, de 8 entreprises ; le Gabon 77 produits pour 2 entreprises et la Guin\u00e9e-Equatoriale 10 produits pour 2 entreprises.<\/p>\n<p><strong>Lire aussi : <a href=\"https:\/\/ecomatin.net\/zlecaf-la-cemac-et-la-ceeac-harmonisent-leurs-politiques-dindustrialisation-et-commerciale\/\" target=\"_blank\" rel=\"noreferrer noopener\">Zlecaf\u00a0: la Cemac et la Ceeac harmonisent leurs politiques d\u2019industrialisation et commerciale<\/a><\/strong><\/p>\n<p>Il convient de relever que ces 365 nouveaux produits agr\u00e9\u00e9s portent ainsi \u00e0 991 le nombre de produits b\u00e9n\u00e9ficiant du tarif pr\u00e9f\u00e9rentiel Cemac dans la sous-r\u00e9gion. Le tarif pr\u00e9f\u00e9rentiel Cemac \u00e9tant entendu comme le moyen qui permet aux produits de circuler dans les Etats de la sous-r\u00e9gion sans contraintes douani\u00e8res. Mais pour b\u00e9n\u00e9ficier de celui-ci les entreprises soumissionnaires doivent \u00eatre conformes \u00e0 la r\u00e8gle de l\u2019origine. En vigueur dans la zone Cemac, la r\u00e8gle d\u2019origine, voudrait que les produits en qu\u00eate d\u2019agr\u00e9ment au tarif pr\u00e9f\u00e9rentiel Cemac respectent : l\u2019utilisation de la mati\u00e8re premi\u00e8re locale \u00e0 100 %, de l\u2019incorporation en valeur d\u2019au moins 40 % des mati\u00e8res premi\u00e8res locales et de l\u2019incorporation d\u2019une valeur ajout\u00e9e locale sup\u00e9rieure ou \u00e9gale \u00e0 30 % dans la fabrication du produit.<\/p>\n<p>Par ailleurs, l\u2019agr\u00e9ment au tarif pr\u00e9f\u00e9rentiel de la Cemac a pour objectif de contribuer \u00e0 l\u2019augmentation des \u00e9changes intra-communautaires, \u00e0 la r\u00e9duction des d\u00e9ficits de la balance commerciale et le renforcement de la participation des entreprises de la sous-r\u00e9gion \u00e0 la croissance \u00e9conomique.<\/p>\n<p><strong>Lire aussi : <a href=\"https:\/\/ecomatin.net\/210-produits-camerounais-recoivent-le-regime-preferentiel-cemac\/\" target=\"_blank\" rel=\"noreferrer noopener\">210 produits camerounais re\u00e7oivent le r\u00e9gime pr\u00e9f\u00e9rentiel Cemac<\/a><\/strong><\/p>\n<p><strong>Booster les \u00e9changes<\/strong><\/p>\n<p>En b\u00e9n\u00e9ficiant de l\u2019agr\u00e9ment au tarif pr\u00e9f\u00e9rentiel Cemac, les produits concern\u00e9s peuvent circuler librement dans les six Etats de la sous-r\u00e9gion sans contraintes douani\u00e8res, dans l\u2019optique ainsi de densifier les \u00e9changes entre pays, bien que cela demeure toujours tr\u00e8s bas. En effet l\u2019on apprend que seulement 3,5% des biens transform\u00e9s circulent dans la Cemac. \u00ab Il revient d\u00e9sormais aux acteurs \u00e9conomiques de la sous-r\u00e9gion de participer activement \u00e0 leur march\u00e9, qui de fait, s\u2019est \u00e9largi \u00e0 54 milliards millions de consommateurs potentiels et qui pourrait s\u2019\u00e9tendre \u00e0 180 millions \u00e0 partir de 2023, dans le cadre de la rationalisation des CERS (Cemac\/Ceeac) \u00bb, a laiss\u00e9 entendre Michel Niama, \u00e0 l\u2019ouverture des travaux. Cette perspective de ne se limite pas seulement \u00e0 la zone Afrique centrale, mais aussi \u00e0 l\u2019\u00e9chelle continentale avec l\u2019entr\u00e9e en vigueur de la Zone de libre- \u00e9change continentale (Zlecaf).<\/p>\n<p><strong>Lire aussi : <a href=\"https:\/\/ecomatin.net\/commerce-exterieur-le-cameroun-nachete-presque-rien-chez-ses-voisins\/\" target=\"_blank\" rel=\"noreferrer noopener\">Commerce ext\u00e9rieur : le Cameroun n\u2019ach\u00e8te presque rien chez ses voisins<\/a><\/strong><\/p>\n<p>L\u2019article <a rel=\"nofollow\" href=\"https:\/\/ecomatin.net\/commerce-sous-regional-232-produits-camerounais-obtiennent-le-tarif-preferentiel1-cemac\/\">Commerce sous-r\u00e9gional\u00a0: 232 produits camerounais obtiennent le tarif pr\u00e9f\u00e9rentiel Cemac<\/a> est apparu en premier sur <a rel=\"nofollow\" href=\"https:\/\/ecomatin.net\/\">EcoMatin<\/a>.<\/p>\n<\/div>\n<p>Auteur: Cindy MBALA<br \/>\n<a href=\"https:\/\/ecomatin.net\/commerce-sous-regional-232-produits-camerounais-obtiennent-le-tarif-preferentiel1-cemac\/\">Cliquez ici pour lire l&rsquo;article depuis sa source.<\/a><\/p>\n","protected":false},"excerpt":{"rendered":"<p>365 nouveaux produits, issus de 23 entreprises de la zone Cemac, viennent d\u2019obtenir l\u2019agr\u00e9ment au tarif pr\u00e9f\u00e9rentiel Cemac. En effet, du 2 au 7 mai 2022, la ville de Douala a accueilli les travaux du comit\u00e9 r\u00e9gional de l\u2019origine et de la commission permanente du commerce e t d e s investissement s . Les [&hellip;]<\/p>\n","protected":false},"author":1969,"featured_media":0,"comment_status":"closed","ping_status":"closed","sticky":false,"template":"","format":"standard","meta":{"fifu_image_url":"","fifu_image_alt":"","footnotes":""},"categories":[82,78],"tags":[],"class_list":["post-147781","post","type-post","status-publish","format-standard","hentry","category-cameroun","category-economie"],"_links":{"self":[{"href":"https:\/\/linitiative.ca\/International\/wp-json\/wp\/v2\/posts\/147781","targetHints":{"allow":["GET"]}}],"collection":[{"href":"https:\/\/linitiative.ca\/International\/wp-json\/wp\/v2\/posts"}],"about":[{"href":"https:\/\/linitiative.ca\/International\/wp-json\/wp\/v2\/types\/post"}],"author":[{"embeddable":true,"href":"https:\/\/linitiative.ca\/International\/wp-json\/wp\/v2\/users\/1969"}],"replies":[{"embeddable":true,"href":"https:\/\/linitiative.ca\/International\/wp-json\/wp\/v2\/comments?post=147781"}],"version-history":[{"count":0,"href":"https:\/\/linitiative.ca\/International\/wp-json\/wp\/v2\/posts\/147781\/revisions"}],"wp:attachment":[{"href":"https:\/\/linitiative.ca\/International\/wp-json\/wp\/v2\/media?parent=147781"}],"wp:term":[{"taxonomy":"category","embeddable":true,"href":"https:\/\/linitiative.ca\/International\/wp-json\/wp\/v2\/categories?post=147781"},{"taxonomy":"post_tag","embeddable":true,"href":"https:\/\/linitiative.ca\/International\/wp-json\/wp\/v2\/tags?post=147781"}],"curies":[{"name":"wp","href":"https:\/\/api.w.org\/{rel}","templated":true}]}}