{"id":147784,"date":"2022-05-16T09:23:39","date_gmt":"2022-05-16T13:23:39","guid":{"rendered":"https:\/\/linitiative.ca\/International\/au-titre-de-2019-2020-12eme-coupe-du-trone-pour-las-far\/"},"modified":"2022-05-16T09:23:39","modified_gmt":"2022-05-16T13:23:39","slug":"au-titre-de-2019-2020-12eme-coupe-du-trone-pour-las-far","status":"publish","type":"post","link":"https:\/\/linitiative.ca\/International\/au-titre-de-2019-2020-12eme-coupe-du-trone-pour-las-far\/","title":{"rendered":"Au titre de 2019-2020: 12\u00e8me Coupe du Tr\u00f4ne pour l\u2019AS FAR"},"content":{"rendered":"<div>\n<p><img decoding=\"async\" width=\"300\" height=\"153\" src=\"https:\/\/linitiative.ca\/International\/wp-content\/uploads\/sites\/23\/2022\/05\/Akhannouch-300x153-1.png\" class=\"attachment-medium size-medium wp-post-image\" alt=\"\" loading=\"lazy\" srcset=\"https:\/\/linitiative.ca\/International\/wp-content\/uploads\/sites\/23\/2022\/05\/Akhannouch-300x153-1.png 300w, https:\/\/aujourdhui.ma\/wp-content\/uploads\/2022\/05\/Akhannouch-274x140.png 274w, https:\/\/aujourdhui.ma\/wp-content\/uploads\/2022\/05\/Akhannouch.png 746w, https:\/\/aujourdhui.ma\/wp-content\/uploads\/2022\/05\/Akhannouch-165x84.png 165w, https:\/\/aujourdhui.ma\/wp-content\/uploads\/2022\/05\/Akhannouch-702x358.png 702w\" sizes=\"auto, (max-width: 300px) 100vw, 300px\"><\/p>\n<p><span style=\"color: #800000;\"><strong>L\u2019AS FAR a mis fin \u00e0 une longue p\u00e9riode de disette en remportant samedi la Coupe du Tr\u00f4ne de football (saison 2019-2020) apr\u00e8s sa victoire en finale face au Moghreb de T\u00e9touan (Botola Pro D2) sur le score de 3 buts \u00e0 0, samedi au Grand stade d\u2019Agadir.<\/strong><\/span><span id=\"more-407905\"><\/span><br \/>\nUne victoire qui permet aux Militaires de d\u00e9crocher leur 12\u00e8 troph\u00e9e \u00e0 la faveur des buts sign\u00e9s Monteiro Borges (55\u00e8), Adam Ennafati (65\u00e8) et Abdelilah Amimi (90\u00e8).<br \/>\nLe tournant de la rencontre fut certainement l\u2019expulsion pr\u00e9matur\u00e9e de l\u2019attaquant du MAT, Hamza Hannouri, par l\u2019arbitre de la rencontre, Bouchra Karboubi, apr\u00e8s recours \u00e0 la VAR, pour une faute sur le portier militaire, Ayoub El Kard.<br \/>\nL\u2019inf\u00e9riorit\u00e9 num\u00e9rique du MAT ne l\u2019a pourtant ni intimid\u00e9 ni contraint \u00e0 camper dans sa zone, mais, au contraire, le club de la ville de la colombe blanche a pu tenir t\u00eate aux FAR et inqui\u00e9t\u00e9 parfois le gardien El Kard. Mais la d\u00e9fense t\u00e9touanaise a fini par c\u00e9der en seconde p\u00e9riode et conc\u00e9der trois r\u00e9alisations.<br \/>\nSuite \u00e0 un corner, le Capverdien Monteiro Borges, libre de tout marquage, saute au-dessus de tout le monde et ouvre la marque de la t\u00eate (55\u00e8).<br \/>\nDix minutes plus tard, Adam Ennafati double la mise suite \u00e0 un mauvais positionnement de la d\u00e9fense et lib\u00e8re les siens. Abdelilah Amimi a enfonc\u00e9 le clou en inscrivant le troisi\u00e8me but de la rencontre (90\u00e8).<\/p>\n<p><a href=\"https:\/\/linitiative.ca\/International\/wp-content\/uploads\/sites\/23\/2022\/05\/AS-FAR-coupe-du-trone.png\"><img loading=\"lazy\" decoding=\"async\" class=\"alignnone size-full wp-image-407909\" src=\"https:\/\/linitiative.ca\/International\/wp-content\/uploads\/sites\/23\/2022\/05\/AS-FAR-coupe-du-trone.png\" alt=\"\" width=\"746\" height=\"380\" srcset=\"https:\/\/linitiative.ca\/International\/wp-content\/uploads\/sites\/23\/2022\/05\/AS-FAR-coupe-du-trone.png 746w, https:\/\/aujourdhui.ma\/wp-content\/uploads\/2022\/05\/AS-FAR-coupe-du-trone-300x153.png 300w, https:\/\/aujourdhui.ma\/wp-content\/uploads\/2022\/05\/AS-FAR-coupe-du-trone-274x140.png 274w, https:\/\/aujourdhui.ma\/wp-content\/uploads\/2022\/05\/AS-FAR-coupe-du-trone-165x84.png 165w, https:\/\/aujourdhui.ma\/wp-content\/uploads\/2022\/05\/AS-FAR-coupe-du-trone-702x358.png 702w\" sizes=\"auto, (max-width: 746px) 100vw, 746px\"><\/a><br \/>\nA la fin de cette rencontre, le chef du gouvernement, Aziz Akhannouch, a remis le troph\u00e9e de la Coupe du Tr\u00f4ne de futsal au capitaine du Chabab Mohammedia, vainqueur de cette comp\u00e9tition et la Coupe du Tr\u00f4ne dames \u00e0 la capitaine de l\u2019AS FAR. Il a \u00e9galement remis le troph\u00e9e de la Coupe du tr\u00f4ne messieurs au capitaine de l\u2019AS FAR, Mohammed Rabii Hrimat.<br \/>\nLa c\u00e9r\u00e9monie de remise des troph\u00e9es a \u00e9t\u00e9 marqu\u00e9e par la pr\u00e9sence, notamment, du ministre de l\u2019\u00e9ducation nationale, du pr\u00e9scolaire et des sports, Chakib Benmoussa, et du pr\u00e9sident de la F\u00e9d\u00e9ration royale marocaine de football, Fouzi Lekjaa.<br \/>\nLe dernier titre glan\u00e9 par l\u2019AS FAR dans cette comp\u00e9tition remonte \u00e0 2009. Les Militaires s\u2019\u00e9taient \u00e9galement impos\u00e9s en 1959, 1971, 1984, 1985, 1986, 1999, 2003, 2004, 2007 et 2008.<br \/>\nPour acc\u00e9der \u00e0 la finale, l\u2019AS FAR s\u2019\u00e9tait impos\u00e9e, en demi-finales, face au Raja de Beni Mellal (1-0) au grand stade d\u2019Agadir, alors que le MAT, qui a d\u00e9j\u00e0 assur\u00e9 sa mont\u00e9e \u00e0 la Botola Pro D1, avait battu le Wydad Casablanca aux tirs au but (5-3, 2-2 temps r\u00e9glementaire et prolongation) au Grand stade de Marrakech.<\/p>\n<p><span style=\"color: #ff0000;\"><strong>D\u00e9clarations des entra\u00eeneurs<\/strong><\/span><\/p>\n<div class=\"base-box mom_box_sc_custom mom_box_sc clear\" style=\"-moz-border-radius: 5px; border-radius: 5px;background-color:#fddeef;\">\n<p><strong>Abdellatif Jrindou Entra\u00eeneur du Moghreb de T\u00e9touan<\/strong><\/p>\n<p><a href=\"https:\/\/linitiative.ca\/International\/wp-content\/uploads\/sites\/23\/2022\/05\/Abdellatif-Jrindou-Entraineur-du-Moghreb-de-Tetouan.png\"><img loading=\"lazy\" decoding=\"async\" class=\"alignnone size-full wp-image-407907\" src=\"https:\/\/linitiative.ca\/International\/wp-content\/uploads\/sites\/23\/2022\/05\/Abdellatif-Jrindou-Entraineur-du-Moghreb-de-Tetouan.png\" alt=\"\" width=\"746\" height=\"380\" srcset=\"https:\/\/linitiative.ca\/International\/wp-content\/uploads\/sites\/23\/2022\/05\/Abdellatif-Jrindou-Entraineur-du-Moghreb-de-Tetouan.png 746w, https:\/\/aujourdhui.ma\/wp-content\/uploads\/2022\/05\/Abdellatif-Jrindou-Entraineur-du-Moghreb-de-Tetouan-300x153.png 300w, https:\/\/aujourdhui.ma\/wp-content\/uploads\/2022\/05\/Abdellatif-Jrindou-Entraineur-du-Moghreb-de-Tetouan-274x140.png 274w, https:\/\/aujourdhui.ma\/wp-content\/uploads\/2022\/05\/Abdellatif-Jrindou-Entraineur-du-Moghreb-de-Tetouan-165x84.png 165w, https:\/\/aujourdhui.ma\/wp-content\/uploads\/2022\/05\/Abdellatif-Jrindou-Entraineur-du-Moghreb-de-Tetouan-702x358.png 702w\" sizes=\"auto, (max-width: 746px) 100vw, 746px\"><\/a><\/p>\n<p>\u00abL\u2019expulsion, d\u00e8s le d\u00e9but de la rencontre, de Hamza Hannouri a brouill\u00e9 nos cartes. Nous avons essay\u00e9 de trouver des solutions, mais vainement. J\u2019assume l\u2019enti\u00e8re responsabilit\u00e9 de cette d\u00e9faite. L\u2019AS FAR a \u00e9t\u00e9 l\u2019\u00e9quipe la plus forte sur le terrain. Je tiens \u00e0 f\u00e9liciter mes joueurs pour les efforts qu\u2019ils ont fournis lors de cette finale\u00bb.<\/p>\n<\/div>\n<div class=\"base-box mom_box_sc_custom mom_box_sc clear\" style=\"-moz-border-radius: 5px; border-radius: 5px;background-color:#fdd8c6;\">\n<p><strong>Sven Vandenbroeck Entra\u00eeneur de l\u2019AS FAR<\/strong><\/p>\n<p><a href=\"https:\/\/linitiative.ca\/International\/wp-content\/uploads\/sites\/23\/2022\/05\/Sven-Vandenbroeck-Entraineur-de-lAS-FAR.png\"><img loading=\"lazy\" decoding=\"async\" class=\"alignnone size-full wp-image-407908\" src=\"https:\/\/linitiative.ca\/International\/wp-content\/uploads\/sites\/23\/2022\/05\/Sven-Vandenbroeck-Entraineur-de-lAS-FAR.png\" alt=\"\" width=\"746\" height=\"380\" srcset=\"https:\/\/linitiative.ca\/International\/wp-content\/uploads\/sites\/23\/2022\/05\/Sven-Vandenbroeck-Entraineur-de-lAS-FAR.png 746w, https:\/\/aujourdhui.ma\/wp-content\/uploads\/2022\/05\/Sven-Vandenbroeck-Entraineur-de-lAS-FAR-300x153.png 300w, https:\/\/aujourdhui.ma\/wp-content\/uploads\/2022\/05\/Sven-Vandenbroeck-Entraineur-de-lAS-FAR-274x140.png 274w, https:\/\/aujourdhui.ma\/wp-content\/uploads\/2022\/05\/Sven-Vandenbroeck-Entraineur-de-lAS-FAR-165x84.png 165w, https:\/\/aujourdhui.ma\/wp-content\/uploads\/2022\/05\/Sven-Vandenbroeck-Entraineur-de-lAS-FAR-702x358.png 702w\" sizes=\"auto, (max-width: 746px) 100vw, 746px\"><\/a><\/p>\n<p>\u00abOn a r\u00e9ussi \u00e0 rendre heureux des milliers de supporters dans le Royaume. Gagner ce troph\u00e9e nous donne plus de satisfaction.<br \/>\nJouer la finale et la d\u00e9crocher fait soulager tout le monde, joueurs, entra\u00eeneur, dirigeants et supporters. Le match a \u00e9t\u00e9 marqu\u00e9 par une grande nervosit\u00e9. Je dois avouer que le carton rouge a tout chang\u00e9. Le jeu du MAT a \u00e9t\u00e9 bas\u00e9 sur l\u2019attaquant expuls\u00e9 Hamza Hannouri. Sa sortie a chang\u00e9 la rencontre, \u00e9galement pour nous. Cependant, jouer contre dix a mis plus de pression sur nos joueurs. J\u2019ai tenu \u00e0 les calmer \u00e0 la mi-temps. Apr\u00e8s l\u2019ouverture du score, on a commenc\u00e9 \u00e0 jouer notre jeu. J\u2019esp\u00e8re que ce troph\u00e9e constitue une bonne exp\u00e9rience pour le futur. Parfois, il faut d\u00e9passer les barri\u00e8res pour faire un d\u00e9clic. J\u2019esp\u00e8re encha\u00eener les prochaines ann\u00e9es avec plusieurs troph\u00e9es\u00bb.<\/p>\n<\/div>\n<\/div>\n<p>Auteur: ALM<br \/>\n<a href=\"https:\/\/aujourdhui.ma\/sports\/au-titre-de-2019-2020-12eme-coupe-du-trone-pour-las-far\">Cliquez ici pour lire l&rsquo;article depuis sa source.<\/a><\/p>\n","protected":false},"excerpt":{"rendered":"<p>L\u2019AS FAR a mis fin \u00e0 une longue p\u00e9riode de disette en remportant samedi la Coupe du Tr\u00f4ne de football (saison 2019-2020) apr\u00e8s sa victoire en finale face au Moghreb de T\u00e9touan (Botola Pro D2) sur le score de 3 buts \u00e0 0, samedi au Grand stade d\u2019Agadir. Une victoire qui permet aux Militaires de [&hellip;]<\/p>\n","protected":false},"author":1759,"featured_media":0,"comment_status":"closed","ping_status":"closed","sticky":false,"template":"","format":"standard","meta":{"fifu_image_url":"https:\/\/aujourdhui.ma\/wp-content\/uploads\/2022\/05\/Akhannouch-300x153.png","fifu_image_alt":"Au titre de 2019-2020: 12\u00e8me Coupe du Tr\u00f4ne pour l\u2019AS FAR","footnotes":""},"categories":[73,54],"tags":[],"class_list":["post-147784","post","type-post","status-publish","format-standard","hentry","category-actualite","category-maroc"],"_links":{"self":[{"href":"https:\/\/linitiative.ca\/International\/wp-json\/wp\/v2\/posts\/147784","targetHints":{"allow":["GET"]}}],"collection":[{"href":"https:\/\/linitiative.ca\/International\/wp-json\/wp\/v2\/posts"}],"about":[{"href":"https:\/\/linitiative.ca\/International\/wp-json\/wp\/v2\/types\/post"}],"author":[{"embeddable":true,"href":"https:\/\/linitiative.ca\/International\/wp-json\/wp\/v2\/users\/1759"}],"replies":[{"embeddable":true,"href":"https:\/\/linitiative.ca\/International\/wp-json\/wp\/v2\/comments?post=147784"}],"version-history":[{"count":0,"href":"https:\/\/linitiative.ca\/International\/wp-json\/wp\/v2\/posts\/147784\/revisions"}],"wp:attachment":[{"href":"https:\/\/linitiative.ca\/International\/wp-json\/wp\/v2\/media?parent=147784"}],"wp:term":[{"taxonomy":"category","embeddable":true,"href":"https:\/\/linitiative.ca\/International\/wp-json\/wp\/v2\/categories?post=147784"},{"taxonomy":"post_tag","embeddable":true,"href":"https:\/\/linitiative.ca\/International\/wp-json\/wp\/v2\/tags?post=147784"}],"curies":[{"name":"wp","href":"https:\/\/api.w.org\/{rel}","templated":true}]}}