{"id":147789,"date":"2022-05-16T09:33:11","date_gmt":"2022-05-16T13:33:11","guid":{"rendered":"https:\/\/linitiative.ca\/International\/maroc-japon-vers-un-renforcement-de-la-cooperation-agricole-et-halieutique\/"},"modified":"2022-05-16T09:33:11","modified_gmt":"2022-05-16T13:33:11","slug":"maroc-japon-vers-un-renforcement-de-la-cooperation-agricole-et-halieutique","status":"publish","type":"post","link":"https:\/\/linitiative.ca\/International\/maroc-japon-vers-un-renforcement-de-la-cooperation-agricole-et-halieutique\/","title":{"rendered":"Maroc-Japon : Vers un renforcement de la coop\u00e9ration agricole et halieutique"},"content":{"rendered":"<div>\n<p><img decoding=\"async\" width=\"300\" height=\"153\" src=\"https:\/\/linitiative.ca\/International\/wp-content\/uploads\/sites\/23\/2022\/05\/MAroc-Japon-300x153-1.png\" class=\"attachment-medium size-medium wp-post-image\" alt=\"\" loading=\"lazy\" srcset=\"https:\/\/linitiative.ca\/International\/wp-content\/uploads\/sites\/23\/2022\/05\/MAroc-Japon-300x153-1.png 300w, https:\/\/aujourdhui.ma\/wp-content\/uploads\/2022\/05\/MAroc-Japon-274x140.png 274w, https:\/\/aujourdhui.ma\/wp-content\/uploads\/2022\/05\/MAroc-Japon.png 746w, https:\/\/aujourdhui.ma\/wp-content\/uploads\/2022\/05\/MAroc-Japon-165x84.png 165w, https:\/\/aujourdhui.ma\/wp-content\/uploads\/2022\/05\/MAroc-Japon-702x358.png 702w\" sizes=\"auto, (max-width: 300px) 100vw, 300px\"><\/p>\n<p><strong>Le Maroc et le Japon ambitionnent de renforcer leur coop\u00e9ration dans le domaine agricole et halieutique.\u00a0 C\u2019est ce qui a \u00e9t\u00e9 exprim\u00e9 lors de la rencontre tenue lundi 16 mai \u00e0 Rabat entre Mohammed Sadiki, ministre de l\u2019Agriculture, de la P\u00eache Maritime, du D\u00e9veloppement Rural et des Eaux et For\u00eats et son homologue japonais Arata Takebe.\u00a0<\/strong> <span id=\"more-407914\"><\/span><\/p>\n<p>Les discussions entre les deux ministres ont abord\u00e9 la question de l\u2019exportation des agrumes vers le Japon. A ce sujet, la proc\u00e9dure est en cours et arrive \u00e0 ses derni\u00e8res \u00e9tapes. Les deux ministres ont \u00e9galement lanc\u00e9 les pr\u00e9paratifs d\u2019un accord de coop\u00e9ration global dans leurs domaines respectifs, qui sera sign\u00e9 cet \u00e9t\u00e9. Les deux parties ont par ailleurs examin\u00e9 plusieurs questions se rapportant au d\u00e9veloppement des \u00e9changes commerciaux agricoles et halieutiques ainsi que les perspectives de d\u00e9veloppement de la coop\u00e9ration dans les domaines sanitaire et phytosanitaire, de l\u2019irrigation et des infrastructures hydro-agricoles, du d\u00e9veloppement des cha\u00eenes de valeur agricoles, du d\u00e9veloppement rural, et aussi dans les domaines de la recherche scientifique et de la formation.<\/p>\n<p>Elles ont pass\u00e9 en revue la possibilit\u00e9 de d\u00e9veloppement de la coop\u00e9ration tripartite avec les pays africains dans les secteurs agricole, de la p\u00eache et de l\u2019agro-industrie. Les relations en mati\u00e8re de p\u00eache maritime entre les deux pays datent de plus de 40 ans, notamment avec l\u2019accord de p\u00eache toujours en vigueur depuis 1985. La coop\u00e9ration a port\u00e9 notamment, sur les domaines de la recherche halieutique et de la formation, la construction de Villages de P\u00eacheurs, ainsi que la mise \u00e0 disposition d\u2019experts pour l\u2019accompagnement de la r\u00e9alisation des projets. Dans le domaine agricole, la coop\u00e9ration est marqu\u00e9e par une dynamique importante ces deux derni\u00e8res d\u00e9cennies, caract\u00e9ris\u00e9es par la r\u00e9alisation de plusieurs programmes et projets portant notamment, sur les volets de la formation agricole, du conseil agricole et du d\u00e9veloppement hydro-agricole. Notons que les \u00e9changes agricoles entre le Maroc et le Japon s\u2019\u00e9l\u00e8vent en moyenne \u00e0 200 millions DH, avec une pr\u00e9dominance des exportations marocaines qui avoisine en moyenne les 180\u00a0millions DH annuellement, et comprennent essentiellement les graines de coriandre, de fraises congel\u00e9es, d\u2019algues, de thym. La principale importation agricole en provenance du Japon est le th\u00e9 vert.<\/p>\n<\/div>\n<p>Auteur: ALM<br \/>\n<a href=\"https:\/\/aujourdhui.ma\/actualite\/maroc-japon-vers-un-renforcement-de-la-cooperation-agricole-et-halieutique\">Cliquez ici pour lire l&rsquo;article depuis sa source.<\/a><\/p>\n","protected":false},"excerpt":{"rendered":"<p>Le Maroc et le Japon ambitionnent de renforcer leur coop\u00e9ration dans le domaine agricole et halieutique.\u00a0 C\u2019est ce qui a \u00e9t\u00e9 exprim\u00e9 lors de la rencontre tenue lundi 16 mai \u00e0 Rabat entre Mohammed Sadiki, ministre de l\u2019Agriculture, de la P\u00eache Maritime, du D\u00e9veloppement Rural et des Eaux et For\u00eats et son homologue japonais Arata [&hellip;]<\/p>\n","protected":false},"author":1759,"featured_media":0,"comment_status":"closed","ping_status":"closed","sticky":false,"template":"","format":"standard","meta":{"fifu_image_url":"https:\/\/aujourdhui.ma\/wp-content\/uploads\/2022\/05\/MAroc-Japon-300x153.png","fifu_image_alt":"Maroc-Japon : Vers un renforcement de la coop\u00e9ration agricole et halieutique","footnotes":""},"categories":[73,54],"tags":[],"class_list":["post-147789","post","type-post","status-publish","format-standard","hentry","category-actualite","category-maroc"],"_links":{"self":[{"href":"https:\/\/linitiative.ca\/International\/wp-json\/wp\/v2\/posts\/147789","targetHints":{"allow":["GET"]}}],"collection":[{"href":"https:\/\/linitiative.ca\/International\/wp-json\/wp\/v2\/posts"}],"about":[{"href":"https:\/\/linitiative.ca\/International\/wp-json\/wp\/v2\/types\/post"}],"author":[{"embeddable":true,"href":"https:\/\/linitiative.ca\/International\/wp-json\/wp\/v2\/users\/1759"}],"replies":[{"embeddable":true,"href":"https:\/\/linitiative.ca\/International\/wp-json\/wp\/v2\/comments?post=147789"}],"version-history":[{"count":0,"href":"https:\/\/linitiative.ca\/International\/wp-json\/wp\/v2\/posts\/147789\/revisions"}],"wp:attachment":[{"href":"https:\/\/linitiative.ca\/International\/wp-json\/wp\/v2\/media?parent=147789"}],"wp:term":[{"taxonomy":"category","embeddable":true,"href":"https:\/\/linitiative.ca\/International\/wp-json\/wp\/v2\/categories?post=147789"},{"taxonomy":"post_tag","embeddable":true,"href":"https:\/\/linitiative.ca\/International\/wp-json\/wp\/v2\/tags?post=147789"}],"curies":[{"name":"wp","href":"https:\/\/api.w.org\/{rel}","templated":true}]}}