{"id":147791,"date":"2022-05-16T09:39:53","date_gmt":"2022-05-16T13:39:53","guid":{"rendered":"https:\/\/linitiative.ca\/International\/aziz-akhannouch-sentretient-avec-le-directeur-general-de-lonudi\/"},"modified":"2022-05-16T09:39:53","modified_gmt":"2022-05-16T13:39:53","slug":"aziz-akhannouch-sentretient-avec-le-directeur-general-de-lonudi","status":"publish","type":"post","link":"https:\/\/linitiative.ca\/International\/aziz-akhannouch-sentretient-avec-le-directeur-general-de-lonudi\/","title":{"rendered":"Aziz Akhannouch s\u2019entretient avec le directeur g\u00e9n\u00e9ral de l\u2019ONUDI"},"content":{"rendered":"<div>\n<p><img decoding=\"async\" width=\"300\" height=\"153\" src=\"https:\/\/linitiative.ca\/International\/wp-content\/uploads\/sites\/23\/2022\/05\/Aziz-Akhannouch-sentretient-avec-le-directeur-general-de-lONUDI-300x153-1.png\" class=\"attachment-medium size-medium wp-post-image\" alt=\"\" loading=\"lazy\" srcset=\"https:\/\/linitiative.ca\/International\/wp-content\/uploads\/sites\/23\/2022\/05\/Aziz-Akhannouch-sentretient-avec-le-directeur-general-de-lONUDI-300x153-1.png 300w, https:\/\/aujourdhui.ma\/wp-content\/uploads\/2022\/05\/Aziz-Akhannouch-sentretient-avec-le-directeur-general-de-lONUDI-274x140.png 274w, https:\/\/aujourdhui.ma\/wp-content\/uploads\/2022\/05\/Aziz-Akhannouch-sentretient-avec-le-directeur-general-de-lONUDI.png 746w, https:\/\/aujourdhui.ma\/wp-content\/uploads\/2022\/05\/Aziz-Akhannouch-sentretient-avec-le-directeur-general-de-lONUDI-165x84.png 165w, https:\/\/aujourdhui.ma\/wp-content\/uploads\/2022\/05\/Aziz-Akhannouch-sentretient-avec-le-directeur-general-de-lONUDI-702x358.png 702w\" sizes=\"auto, (max-width: 300px) 100vw, 300px\"><\/p>\n<p><span style=\"color: #800000;\"><strong>Le Chef du gouvernement, Aziz Akhannouch, s\u2019est entretenu, lundi \u00e0 Rabat, avec le Directeur G\u00e9n\u00e9ral de l\u2019Organisation des Nations unies pour le d\u00e9veloppement industriel (ONUDI), Gerd M\u00fcller, qui effectue une visite de travail au Maroc.<\/strong><\/span><\/p>\n<p><span id=\"more-407917\"><\/span><\/p>\n<p>Cette rencontre, tenue en pr\u00e9sence de repr\u00e9sentants de l\u2019agence des Nations Unies, a \u00e9t\u00e9 l\u2019occasion d\u2019\u00e9changer au sujet de la coop\u00e9ration dense et diversifi\u00e9e pr\u00e9alablement engag\u00e9e entre le Maroc et l\u2019ONUDI mais \u00e9galement d\u2019approfondir et donner un nouvel \u00e9lan au partenariat strat\u00e9gique conclu en vue, pour le Maroc, de se positionner en tant que plateforme de transfert de technologie et de renforcer ses capacit\u00e9s dans le domaine industriel.<\/p>\n<p>\u00a0<\/p>\n<p>Cette r\u00e9union a \u00e9t\u00e9 \u00e9galement une opportunit\u00e9 pour \u00e9changer et identifier les synergies additionnelles entre le Maroc et l\u2019ONUDI, en support de la feuille de route industrielle du gouvernement et portant sur nombre de secteurs strat\u00e9giques, notamment l\u2019agroalimentaire, l\u2019e-commerce, l\u2019industrie 4.0, l\u2019\u00e9conomie circulaire, la gestion des d\u00e9chets, l\u2019\u00e9nergie, les zones industrielles et la coop\u00e9ration Sud-Sud. S\u2019exprimant dans une d\u00e9claration \u00e0 la presse \u00e0 l\u2019issue de ces entretiens, M. M\u00fcller a indiqu\u00e9 que le Maroc est un partenaire de longue date, notant que depuis 1985, quelque 285 projets ont \u00e9t\u00e9 r\u00e9alis\u00e9s au Maroc par l\u2019ONUDI et des partenaires internationaux en collaboration avec le gouvernement marocain. Il a \u00e9galement fait savoir que deux accords de coop\u00e9ration dans le domaine de l\u2019\u00e9nergie vont \u00eatre sign\u00e9s entre le Maroc et l\u2019organisation onusienne, saluant \u00e0 cet \u00e9gard les efforts du Royaume en mati\u00e8re d\u2019\u00e9nergie verte et de d\u00e9veloppement durable.<\/p>\n<p>\u00a0<\/p>\n<p>\u00a0<\/p>\n<\/div>\n<p>Auteur: ALM<br \/>\n<a href=\"https:\/\/aujourdhui.ma\/actualite\/aziz-akhannouch-sentretient-avec-le-directeur-general-de-lonudi\">Cliquez ici pour lire l&rsquo;article depuis sa source.<\/a><\/p>\n","protected":false},"excerpt":{"rendered":"<p>Le Chef du gouvernement, Aziz Akhannouch, s\u2019est entretenu, lundi \u00e0 Rabat, avec le Directeur G\u00e9n\u00e9ral de l\u2019Organisation des Nations unies pour le d\u00e9veloppement industriel (ONUDI), Gerd M\u00fcller, qui effectue une visite de travail au Maroc. Cette rencontre, tenue en pr\u00e9sence de repr\u00e9sentants de l\u2019agence des Nations Unies, a \u00e9t\u00e9 l\u2019occasion d\u2019\u00e9changer au sujet de la [&hellip;]<\/p>\n","protected":false},"author":1759,"featured_media":0,"comment_status":"closed","ping_status":"closed","sticky":false,"template":"","format":"standard","meta":{"fifu_image_url":"https:\/\/aujourdhui.ma\/wp-content\/uploads\/2022\/05\/Aziz-Akhannouch-sentretient-avec-le-directeur-general-de-lONUDI-300x153.png","fifu_image_alt":"Aziz Akhannouch s\u2019entretient avec le directeur g\u00e9n\u00e9ral de l\u2019ONUDI","footnotes":""},"categories":[73,54],"tags":[],"class_list":["post-147791","post","type-post","status-publish","format-standard","hentry","category-actualite","category-maroc"],"_links":{"self":[{"href":"https:\/\/linitiative.ca\/International\/wp-json\/wp\/v2\/posts\/147791","targetHints":{"allow":["GET"]}}],"collection":[{"href":"https:\/\/linitiative.ca\/International\/wp-json\/wp\/v2\/posts"}],"about":[{"href":"https:\/\/linitiative.ca\/International\/wp-json\/wp\/v2\/types\/post"}],"author":[{"embeddable":true,"href":"https:\/\/linitiative.ca\/International\/wp-json\/wp\/v2\/users\/1759"}],"replies":[{"embeddable":true,"href":"https:\/\/linitiative.ca\/International\/wp-json\/wp\/v2\/comments?post=147791"}],"version-history":[{"count":0,"href":"https:\/\/linitiative.ca\/International\/wp-json\/wp\/v2\/posts\/147791\/revisions"}],"wp:attachment":[{"href":"https:\/\/linitiative.ca\/International\/wp-json\/wp\/v2\/media?parent=147791"}],"wp:term":[{"taxonomy":"category","embeddable":true,"href":"https:\/\/linitiative.ca\/International\/wp-json\/wp\/v2\/categories?post=147791"},{"taxonomy":"post_tag","embeddable":true,"href":"https:\/\/linitiative.ca\/International\/wp-json\/wp\/v2\/tags?post=147791"}],"curies":[{"name":"wp","href":"https:\/\/api.w.org\/{rel}","templated":true}]}}