{"id":147798,"date":"2022-05-16T11:36:41","date_gmt":"2022-05-16T15:36:41","guid":{"rendered":"https:\/\/linitiative.ca\/International\/previsions-meteorologiques-pour-mardi-17-mai-2022\/"},"modified":"2022-05-16T11:36:41","modified_gmt":"2022-05-16T15:36:41","slug":"previsions-meteorologiques-pour-mardi-17-mai-2022","status":"publish","type":"post","link":"https:\/\/linitiative.ca\/International\/previsions-meteorologiques-pour-mardi-17-mai-2022\/","title":{"rendered":"Pr\u00e9visions m\u00e9t\u00e9orologiques pour mardi 17 mai 2022"},"content":{"rendered":"<div>\n<div style=\"margin-bottom:20px;\"><img loading=\"lazy\" decoding=\"async\" width=\"750\" height=\"430\" src=\"https:\/\/linitiative.ca\/International\/wp-content\/uploads\/sites\/23\/2022\/05\/soleil-2-2.jpg\" class=\"attachment-post-thumbnail size-post-thumbnail wp-post-image\" alt=\"\" srcset=\"https:\/\/linitiative.ca\/International\/wp-content\/uploads\/sites\/23\/2022\/05\/soleil-2-2.jpg 750w, https:\/\/www.mapmarrakech.ma\/map\/uploads\/2022\/05\/soleil-2-300x172.jpg 300w\" sizes=\"auto, (max-width: 750px) 100vw, 750px\"><\/div>\n<p align=\"justify\">\u2013 Temps chaud sur l\u2019extr\u00eame Sud et assez chaud sur le Sud-Est et les plaines int\u00e9rieures.<\/p>\n<p align=\"justify\">\u2013 Formations brumeuses nocturnes et matinales par endroits sur les c\u00f4tes Nord et Centre.<\/p>\n<p align=\"justify\">\u2013 Nuages bas denses et bruine locale sur les c\u00f4tes entre Sidi Ifni et Tarfaya.<\/p>\n<p align=\"justify\">\u2013 Quelques nuages cumuliformes sur les Haut et Moyen-Atlas.<\/p>\n<p align=\"justify\">\u2013 Chasse-poussi\u00e8res possibles par endroits sur l\u2019int\u00e9rieur des provinces Sud, le Sud-Est et le Sud de l\u2019Oriental.<\/p>\n<p align=\"justify\">\u2013 Temp\u00e9ratures minimales de l\u2019ordre de 07\/14\u00b0C sur l\u2019Atlas, de 10\/16\u00b0C sur le Rif, de 14\/20\u00b0C sur le Nord, le Centre, l\u2019Oriental, les versants Sud-Est et le Nord des provinces Sud et de 20\/30\u00b0C sur le reste du Sud et du Sud-Est.<\/p>\n<p align=\"justify\">\u2013 Temp\u00e9ratures du jour en l\u00e9g\u00e8re hausse sur le Nord et le Centre et en l\u00e9g\u00e8re baisse sur le Sud.<\/p>\n<p align=\"justify\">\u2013 Mer belle sur la M\u00e9diterran\u00e9e, peu agit\u00e9e \u00e0 agit\u00e9e sur le D\u00e9troit, agit\u00e9e ailleurs ainsi que peu agit\u00e9e \u00e0 agit\u00e9e entre Tantan et Dakhla.<\/p>\n<p>The post <a rel=\"nofollow\" href=\"https:\/\/www.mapmarrakech.ma\/fr\/previsions-meteorologiques-pour-mardi-17-mai-2022\/\">Pr\u00e9visions m\u00e9t\u00e9orologiques pour mardi 17 mai 2022<\/a> appeared first on <a rel=\"nofollow\" href=\"https:\/\/www.mapmarrakech.ma\/fr\">MapMarrakech<\/a>.<\/p>\n<\/div>\n<p>Auteur: Meriem IGASS<br \/>\n<a href=\"https:\/\/www.mapmarrakech.ma\/fr\/previsions-meteorologiques-pour-mardi-17-mai-2022\/\">Cliquez ici pour lire l&rsquo;article depuis sa source.<\/a><\/p>\n","protected":false},"excerpt":{"rendered":"<p>\u2013 Temps chaud sur l\u2019extr\u00eame Sud et assez chaud sur le Sud-Est et les plaines int\u00e9rieures. \u2013 Formations brumeuses nocturnes et matinales par endroits sur les c\u00f4tes Nord et Centre. \u2013 Nuages bas denses et bruine locale sur les c\u00f4tes entre Sidi Ifni et Tarfaya. \u2013 Quelques nuages cumuliformes sur les Haut et Moyen-Atlas. \u2013 [&hellip;]<\/p>\n","protected":false},"author":1788,"featured_media":0,"comment_status":"closed","ping_status":"closed","sticky":false,"template":"","format":"standard","meta":{"fifu_image_url":"https:\/\/www.mapmarrakech.ma\/map\/uploads\/2022\/05\/soleil-2.jpg","fifu_image_alt":"Pr\u00e9visions m\u00e9t\u00e9orologiques pour mardi 17 mai 2022","footnotes":""},"categories":[54,76],"tags":[],"class_list":["post-147798","post","type-post","status-publish","format-standard","hentry","category-maroc","category-regions"],"_links":{"self":[{"href":"https:\/\/linitiative.ca\/International\/wp-json\/wp\/v2\/posts\/147798","targetHints":{"allow":["GET"]}}],"collection":[{"href":"https:\/\/linitiative.ca\/International\/wp-json\/wp\/v2\/posts"}],"about":[{"href":"https:\/\/linitiative.ca\/International\/wp-json\/wp\/v2\/types\/post"}],"author":[{"embeddable":true,"href":"https:\/\/linitiative.ca\/International\/wp-json\/wp\/v2\/users\/1788"}],"replies":[{"embeddable":true,"href":"https:\/\/linitiative.ca\/International\/wp-json\/wp\/v2\/comments?post=147798"}],"version-history":[{"count":0,"href":"https:\/\/linitiative.ca\/International\/wp-json\/wp\/v2\/posts\/147798\/revisions"}],"wp:attachment":[{"href":"https:\/\/linitiative.ca\/International\/wp-json\/wp\/v2\/media?parent=147798"}],"wp:term":[{"taxonomy":"category","embeddable":true,"href":"https:\/\/linitiative.ca\/International\/wp-json\/wp\/v2\/categories?post=147798"},{"taxonomy":"post_tag","embeddable":true,"href":"https:\/\/linitiative.ca\/International\/wp-json\/wp\/v2\/tags?post=147798"}],"curies":[{"name":"wp","href":"https:\/\/api.w.org\/{rel}","templated":true}]}}