{"id":14780,"date":"2019-02-16T07:30:58","date_gmt":"2019-02-16T12:30:58","guid":{"rendered":"https:\/\/linitiative.ca\/International\/sahara-marocain-coup-de-grace-de-trump-au-polisario-et-a-son-parrain\/"},"modified":"2019-02-16T07:30:58","modified_gmt":"2019-02-16T12:30:58","slug":"sahara-marocain-coup-de-grace-de-trump-au-polisario-et-a-son-parrain","status":"publish","type":"post","link":"https:\/\/linitiative.ca\/International\/sahara-marocain-coup-de-grace-de-trump-au-polisario-et-a-son-parrain\/","title":{"rendered":"Sahara marocain : coup de gr\u00e2ce de Trump au polisario et \u00e0 son parrain"},"content":{"rendered":"<p>Le polisario et l\u2019Alg\u00e9rie se souviendront longtemps de ce d\u00e9but de l\u2019ann\u00e9e 2019 o\u00f9 le vent ne tourne plus en leur faveur s\u2019agissant de la question du <strong>Sahara marocain<\/strong>.<\/p>\n<div class=\"c10\"\/>\n<p>Apr\u00e8s avoir longtemps man\u0153uvr\u00e9 pour imposer un traitement distinct du Sahara marocain dans les accords commerciaux de l\u2019Union europ\u00e9enne avec le Maroc et dans les d\u00e9cisions sur les fonds allou\u00e9s au Royaume par les Etats Unis au titre de la coop\u00e9ration internationale, le polisario et l\u2019Alg\u00e9rie se retrouvent aujourd\u2019hui isol\u00e9s et voguent \u00e0 contre courant de la communaut\u00e9 internationale, convaincue qu\u2019aucune solution ne peut \u00eatre envisag\u00e9e pour la r\u00e9solution du conflit artificiel autour du Sahara marocain en dehors de l\u2019option politique qui a consacr\u00e9 la proposition d\u2019autonomie \u00e9largie, sous souverainet\u00e9 marocaine, comme un choix s\u00e9rieux, responsable, cr\u00e9dible et viable.<\/p>\n<p>Lire aussi\u00a0<a href=\"https:\/\/www.challenge.ma\/maroc-ue-laccord-de-peche-signe-a-bruxelles-103378\/\" target=\"_blank\" rel=\"noopener\">Maroc-UE : l\u2019accord de p\u00eache sign\u00e9 \u00e0 Bruxelles<\/a><\/p>\n<p>C\u2019est en effet une semaine noire que le \u00ab\u00a0polisario\u00a0\u00bb et ses parrains alg\u00e9riens sont en train de vivre.<\/p>\n<p>Mardi 12 janvier, le Parlement europ\u00e9en a adopt\u00e9 \u00e0 une \u00e9crasante majorit\u00e9 l\u2019accord de p\u00eache entre le Maroc et l\u2019Union europ\u00e9enne qui couvre la zone de p\u00eache qui s\u2019\u00e9tend de Cap Spartel \u00e0 Cap Blanc, au sud de la ville de Dakhla.<\/p>\n<p>Si la validation le 16 janvier dernier par le Parlement europ\u00e9en de l\u2019accord agricole entre l\u2019UE et le Maroc qui a \u00e9largi les pr\u00e9f\u00e9rences tarifaires aux produits issus du Sahara marocain a \u00e9t\u00e9 suivie d\u2019une visite expresse, le m\u00eame jour, de la diplomate en cheffe de l\u2019UE Federica Mogherini pour f\u00eater \u00e0 Rabat cette victoire juridico-politique avec ses partenaires marocains, l\u2019adoption de l\u2019accord de p\u00eache le 12 f\u00e9vrier a \u00e9t\u00e9 suivie d\u2019une d\u00e9cision judiciaire irr\u00e9fragable venant de la Cour de justice de l\u2019UE \u00e0 Luxembourg; qui a rejet\u00e9 un recours du polisario qui tentait d\u2019annuler le mandat octroy\u00e9 en avril dernier au Conseil de l\u2019UE pour n\u00e9gocier ce m\u00eame accord de p\u00eache.<\/p>\n<p>Ce vendredi 15 f\u00e9vrier, le pr\u00e9sident am\u00e9ricain Donald Trump a promulgu\u00e9 la loi budg\u00e9taire de son pays au titre de l\u2019ann\u00e9e 2019, qui renferme des dispositions explicites dans son Titre III, pr\u00e9voyant que les fonds allou\u00e9s au Maroc doivent \u00eatre rendus disponibles \u00e0 la coop\u00e9ration au Sahara marocain.<\/p>\n<p>Les dispositions claires et limpides de la loi budg\u00e9taire am\u00e9ricaine, apportent un d\u00e9menti cinglant \u00e0 la pol\u00e9mique qui avait \u00e9t\u00e9 entretenue par les adversaires du Maroc sur une soi-disant exclusion du Sahara ou un revirement de la position des Etats-Unis, apr\u00e8s l\u2019installation des D\u00e9mocrates au Congr\u00e8s Am\u00e9ricain.<\/p>\n<p>Hier \u00e0 Strasbourg, Bruxelles ou au Luxembourg, aujourd\u2019hui \u00e0 Washington, sans parler de l\u2019Union africaine ou des Nations Unies, les positions convergent sans interf\u00e9rence et en toute objectivit\u00e9 : le Maroc est l\u2019unique interlocuteur et repr\u00e9sentant s\u2019agissant de ses provinces du Sud.<\/p>\n<p>Les d\u00e9cisions prises au niveau des institutions europ\u00e9ennes et celle de l\u2019Administration am\u00e9ricaine ont toutes \u00e9t\u00e9 motiv\u00e9es par la n\u00e9cessit\u00e9 pour les provinces du sud de b\u00e9n\u00e9ficier des investissements implant\u00e9s dans le Royaume dans la m\u00eame dynamique de d\u00e9veloppement homog\u00e8ne et int\u00e9gr\u00e9 que connaissent l\u2019ensemble des r\u00e9gions marocaines, avec l\u2019implication des populations dans la gestion de leurs affaires locales.<\/p>\n<p>A rappeler que diff\u00e9rents rapports de la Commission europ\u00e9enne et du Service Europ\u00e9en pour l\u2019Action Ext\u00e9rieur (SEAE), indiquent clairement que le d\u00e9veloppement des provinces du Sud, reste largement d\u00e9pendant des investissements dans la r\u00e9gion, au moyen des Accords internationaux, que seul le Royaume du Maroc peut conclure dans le cadre de l\u2019exercice plein et entier de sa souverainet\u00e9 sur l\u2019ensemble de son territoire.<\/p>\n<p>Le soutien du congr\u00e8s et de l\u2019Administration am\u00e9ricains, ainsi que les diff\u00e9rentes d\u00e9cisions des instances europ\u00e9ennes (Conseil, Commission et Parlement), de ne pas exclure le Sahara, mettent ainsi fin au d\u00e9bat sur la l\u00e9galit\u00e9 des accords internationaux conclus par le Maroc avec ses partenaires.<\/p>\n<p>Par ailleurs, tout comme la doctrine europ\u00e9enne, la loi budg\u00e9taire am\u00e9ricaine est venue rappeler la n\u00e9cessit\u00e9 de renforcer la surveillance de la livraison des aides humanitaires destin\u00e9es aux populations des camps de Tindouf, en Alg\u00e9rie, y compris les mesures prises pour s\u2019assurer que les r\u00e9fugi\u00e9s vuln\u00e9rables re\u00e7oivent cette aide .<\/p>\n<p>Ces dispositions font clairement \u00e9cho aux d\u00e9tournements et trafic av\u00e9r\u00e9s et document\u00e9s, \u00e0 travers lesquels les \u00e9l\u00e9ments du \u00ab\u00a0polisario\u00a0\u00bb et leurs protecteurs s\u2019approprient, pour leur enrichissement personnel, l\u2019aide internationale destin\u00e9e aux populations vuln\u00e9rables des camps.<\/p>\n<p>Faut-il rappeler que le rapport de l\u2019Office de lutte anti-fraude (OLAF), organisme relevant de la commission europ\u00e9enne, avait, \u00e0 l\u2019instar d\u2019autres ONGs et organismes internationaux, point\u00e9 du doigt les d\u00e9tournements, \u00e0 grande \u00e9chelle et depuis des ann\u00e9es, des aides humanitaires destin\u00e9es aux populations s\u00e9questr\u00e9es dans des conditions inhumaines \u00e0 Tindouf, au sud-ouest de l\u2019Alg\u00e9rie, lesquels d\u00e9tournements qui servent, entre autres, \u00e0 financer les frasques des chefs du polisario.<\/p>\n<div class=\"c17\">\n<fieldset class=\"c16\">\n<legend><strong><span class=\"c11\">Challenge<\/span><span class=\"c12\">news<\/span><\/strong><\/legend>\n<div class=\"c15\">Le meilleur de la r\u00e9daction s\u00e9lectionn\u00e9 par Challenge :<\/p>\n<\/div>\n<\/fieldset>\n<\/div>\n<p>Auteur: challenge<br \/>\n<a href=\"https:\/\/www.challenge.ma\/sahara-marocain-coup-de-grace-de-trump-au-polisario-et-a-son-parrain-104951\/\">Cliquez ici pour lire l&rsquo;article depuis sa source.<\/a><\/p>\n","protected":false},"excerpt":{"rendered":"<p>Le polisario et l\u2019Alg\u00e9rie se souviendront longtemps de ce d\u00e9but de l\u2019ann\u00e9e 2019 o\u00f9 le vent ne tourne plus en leur faveur s\u2019agissant de la question du Sahara marocain. Apr\u00e8s avoir longtemps man\u0153uvr\u00e9 pour imposer un traitement distinct du Sahara marocain dans les accords commerciaux de l\u2019Union europ\u00e9enne avec le Maroc et dans les d\u00e9cisions [&hellip;]<\/p>\n","protected":false},"author":1787,"featured_media":0,"comment_status":"closed","ping_status":"closed","sticky":false,"template":"","format":"standard","meta":{"fifu_image_url":"","fifu_image_alt":"","footnotes":""},"categories":[78,54],"tags":[],"class_list":["post-14780","post","type-post","status-publish","format-standard","hentry","category-economie","category-maroc"],"_links":{"self":[{"href":"https:\/\/linitiative.ca\/International\/wp-json\/wp\/v2\/posts\/14780","targetHints":{"allow":["GET"]}}],"collection":[{"href":"https:\/\/linitiative.ca\/International\/wp-json\/wp\/v2\/posts"}],"about":[{"href":"https:\/\/linitiative.ca\/International\/wp-json\/wp\/v2\/types\/post"}],"author":[{"embeddable":true,"href":"https:\/\/linitiative.ca\/International\/wp-json\/wp\/v2\/users\/1787"}],"replies":[{"embeddable":true,"href":"https:\/\/linitiative.ca\/International\/wp-json\/wp\/v2\/comments?post=14780"}],"version-history":[{"count":0,"href":"https:\/\/linitiative.ca\/International\/wp-json\/wp\/v2\/posts\/14780\/revisions"}],"wp:attachment":[{"href":"https:\/\/linitiative.ca\/International\/wp-json\/wp\/v2\/media?parent=14780"}],"wp:term":[{"taxonomy":"category","embeddable":true,"href":"https:\/\/linitiative.ca\/International\/wp-json\/wp\/v2\/categories?post=14780"},{"taxonomy":"post_tag","embeddable":true,"href":"https:\/\/linitiative.ca\/International\/wp-json\/wp\/v2\/tags?post=14780"}],"curies":[{"name":"wp","href":"https:\/\/api.w.org\/{rel}","templated":true}]}}