{"id":147802,"date":"2022-05-16T10:53:24","date_gmt":"2022-05-16T14:53:24","guid":{"rendered":"https:\/\/linitiative.ca\/International\/la-qualification-en-finale-fruit-de-la-solidite-mentale-des-joueurs-de-la-rsb\/"},"modified":"2022-05-16T10:53:24","modified_gmt":"2022-05-16T14:53:24","slug":"la-qualification-en-finale-fruit-de-la-solidite-mentale-des-joueurs-de-la-rsb","status":"publish","type":"post","link":"https:\/\/linitiative.ca\/International\/la-qualification-en-finale-fruit-de-la-solidite-mentale-des-joueurs-de-la-rsb\/","title":{"rendered":"La qualification en finale, fruit de la solidit\u00e9 mentale des joueurs de la RSB"},"content":{"rendered":"<div>\n<div style=\"margin-bottom:20px;\"><img loading=\"lazy\" decoding=\"async\" width=\"750\" height=\"430\" src=\"https:\/\/linitiative.ca\/International\/wp-content\/uploads\/sites\/23\/2022\/05\/Lentraineur-de-la-RSB-Florent-Ibenge-750C397430-MAP.jpg\" class=\"attachment-post-thumbnail size-post-thumbnail wp-post-image\" alt=\"\" srcset=\"https:\/\/linitiative.ca\/International\/wp-content\/uploads\/sites\/23\/2022\/05\/Lentraineur-de-la-RSB-Florent-Ibenge-750C397430-MAP.jpg 750w, https:\/\/www.mapoujda.ma\/map\/uploads\/2022\/05\/Lentraineur-de-la-RSB-Florent-Ibenge-750\u00d7430-MAP-300x172.jpg 300w\" sizes=\"auto, (max-width: 750px) 100vw, 750px\"><\/div>\n<div>\n<p style=\"text-align: justify;\">La large victoire (4-1) de la Renaissance sportive de Berkane (RSB) sur le TP Mazembe en demi-finale retour de la Coupe de la Conf\u00e9d\u00e9ration africaine de football (CAF), et sa qualification pour la finale de cette comp\u00e9tition, est le fruit de la solidit\u00e9 mentale dont ont fait preuve les Oranges, a estim\u00e9, dimanche soir, l\u2019entra\u00eeneur de la RSB, Florent Ibenge.<\/p>\n<p style=\"text-align: justify;\">\u00ab\u00a0Je crois que mentalement nous avons \u00e9t\u00e9 tr\u00e8s pr\u00e9sents (\u2026) J\u2019ai demand\u00e9 \u00e0 mes joueurs de rester tr\u00e8s calmes quoi qu\u2019il arrive et de se concentrer sur le jeu, car on jouait pour gagner\u00a0\u00bb, a-t-il d\u00e9clar\u00e9 lors d\u2019une conf\u00e9rence de presse \u00e0 l\u2019issue du match retour, disput\u00e9 sur la pelouse du Stade municipal de Berkane.<\/p>\n<p style=\"text-align: justify;\">Les Berkanis ont ouvert la marque par l\u2019interm\u00e9diaire de Bakr El Hilali (10\u00e8), alors que Philippes Kinzumbi a \u00e9galis\u00e9 une minute plus tard.<\/p>\n<p style=\"text-align: justify;\">En seconde partie, Larbi Naji a redonn\u00e9 l\u2019avantage aux locaux (79\u00e8), avant que Youssef El Fahli ne marque un doubl\u00e9 (88\u00e8, s.p., 90\u00e8+6).<\/p>\n<p style=\"text-align: justify;\">\u201cOn a commenc\u00e9 le match comme il le fallait, et puis Mazembe est revenu dans le score \u00e0 la faveur d\u2019une erreur individuelle, mais on a pas paniqu\u00e9 (\u2026) On a su conserver le ballon, se cr\u00e9er des occasions et marquer des buts\u201d, s\u2019est f\u00e9licit\u00e9 M. Ibenge, satisfait de la performance de ses joueurs.<\/p>\n<p style=\"text-align: justify;\">Le match aller s\u2019\u00e9tait sold\u00e9 sur une victoire du TP Mazembe par 1 but \u00e0 0.<\/p>\n<p style=\"text-align: justify;\">\u201cLe football, c\u2019est la t\u00eate avant les jambes. On \u00e9tait concentr\u00e9s uniquement sur le match retour. Maintenant qu\u2019on est qualifi\u00e9s, on va commencer tout de suite \u00e0 pr\u00e9parer la finale et essayer de d\u00e9cortiquer notre prochain adversaire\u201d, a-t-il ajout\u00e9.<\/p>\n<p style=\"text-align: justify;\">La finale de la Coupe de la CAF, qui se jouera vendredi prochain \u00e0 Uyo (Nigeria), opposera la RSB \u00e0 la formation sud-africaine d\u2019Orlando Pirates, qui a \u00e9limin\u00e9 les Libyens d\u2019Al Ahli (aller 2-0, retour 0-1).<\/p>\n<p style=\"text-align: justify;\">Le club orange jouera la 3\u00e8me finale de son histoire dans cette comp\u00e9tition, apr\u00e8s une finale perdue en 2019 face au Zamalek et une autre remport\u00e9e en 2020 aux d\u00e9pens d\u2019une autre \u00e9quipe \u00e9gyptienne, Pyramids FC.<\/p>\n<\/div>\n<p>L\u2019article <a rel=\"nofollow\" href=\"https:\/\/www.mapoujda.ma\/fr\/coupe-de-la-caf-la-qualification-en-finale-fruit-de-la-solidite-mentale-des-joueurs-de-la-rsb\/\">La qualification en finale, fruit de la solidit\u00e9 mentale des joueurs de la RSB<\/a> est apparu en premier sur <a rel=\"nofollow\" href=\"https:\/\/www.mapoujda.ma\/fr\">MapOujda<\/a>.<\/p>\n<\/div>\n<p>Auteur: Soufiane ELAHMAR<br \/>\n<a href=\"https:\/\/www.mapoujda.ma\/fr\/coupe-de-la-caf-la-qualification-en-finale-fruit-de-la-solidite-mentale-des-joueurs-de-la-rsb\/\">Cliquez ici pour lire l&rsquo;article depuis sa source.<\/a><\/p>\n","protected":false},"excerpt":{"rendered":"<p>La large victoire (4-1) de la Renaissance sportive de Berkane (RSB) sur le TP Mazembe en demi-finale retour de la Coupe de la Conf\u00e9d\u00e9ration africaine de football (CAF), et sa qualification pour la finale de cette comp\u00e9tition, est le fruit de la solidit\u00e9 mentale dont ont fait preuve les Oranges, a estim\u00e9, dimanche soir, l\u2019entra\u00eeneur [&hellip;]<\/p>\n","protected":false},"author":1788,"featured_media":0,"comment_status":"closed","ping_status":"closed","sticky":false,"template":"","format":"standard","meta":{"fifu_image_url":"https:\/\/www.mapoujda.ma\/map\/uploads\/2022\/05\/Lentraineur-de-la-RSB-Florent-Ibenge-750\u00d7430-MAP.jpg","fifu_image_alt":"La qualification en finale, fruit de la solidit\u00e9 mentale des joueurs de la RSB","footnotes":""},"categories":[54,76],"tags":[],"class_list":["post-147802","post","type-post","status-publish","format-standard","hentry","category-maroc","category-regions"],"_links":{"self":[{"href":"https:\/\/linitiative.ca\/International\/wp-json\/wp\/v2\/posts\/147802","targetHints":{"allow":["GET"]}}],"collection":[{"href":"https:\/\/linitiative.ca\/International\/wp-json\/wp\/v2\/posts"}],"about":[{"href":"https:\/\/linitiative.ca\/International\/wp-json\/wp\/v2\/types\/post"}],"author":[{"embeddable":true,"href":"https:\/\/linitiative.ca\/International\/wp-json\/wp\/v2\/users\/1788"}],"replies":[{"embeddable":true,"href":"https:\/\/linitiative.ca\/International\/wp-json\/wp\/v2\/comments?post=147802"}],"version-history":[{"count":0,"href":"https:\/\/linitiative.ca\/International\/wp-json\/wp\/v2\/posts\/147802\/revisions"}],"wp:attachment":[{"href":"https:\/\/linitiative.ca\/International\/wp-json\/wp\/v2\/media?parent=147802"}],"wp:term":[{"taxonomy":"category","embeddable":true,"href":"https:\/\/linitiative.ca\/International\/wp-json\/wp\/v2\/categories?post=147802"},{"taxonomy":"post_tag","embeddable":true,"href":"https:\/\/linitiative.ca\/International\/wp-json\/wp\/v2\/tags?post=147802"}],"curies":[{"name":"wp","href":"https:\/\/api.w.org\/{rel}","templated":true}]}}