{"id":147804,"date":"2022-05-16T10:57:44","date_gmt":"2022-05-16T14:57:44","guid":{"rendered":"https:\/\/linitiative.ca\/International\/nefles-de-zegzel-la-production-depassera-les-8-000-t-en-2021-2022\/"},"modified":"2022-05-16T10:57:44","modified_gmt":"2022-05-16T14:57:44","slug":"nefles-de-zegzel-la-production-depassera-les-8-000-t-en-2021-2022","status":"publish","type":"post","link":"https:\/\/linitiative.ca\/International\/nefles-de-zegzel-la-production-depassera-les-8-000-t-en-2021-2022\/","title":{"rendered":"N\u00e8fles de Zegzel : La production d\u00e9passera les 8.000 t en 2021-2022"},"content":{"rendered":"<div>\n<div style=\"margin-bottom:20px;\"><img loading=\"lazy\" decoding=\"async\" width=\"750\" height=\"430\" src=\"https:\/\/linitiative.ca\/International\/wp-content\/uploads\/sites\/23\/2022\/05\/Les-nC3A8fles-de-Zegzel-750C397430-MAP.jpg\" class=\"attachment-post-thumbnail size-post-thumbnail wp-post-image\" alt=\"\" srcset=\"https:\/\/linitiative.ca\/International\/wp-content\/uploads\/sites\/23\/2022\/05\/Les-nC3A8fles-de-Zegzel-750C397430-MAP.jpg 750w, https:\/\/www.mapoujda.ma\/map\/uploads\/2022\/05\/Les-n\u00e8fles-de-Zegzel-750\u00d7430-MAP-300x172.jpg 300w\" sizes=\"auto, (max-width: 750px) 100vw, 750px\"><\/div>\n<div>\n<p style=\"text-align: justify;\">La production des n\u00e8fles de Zegzel (province de Berkane) devrait d\u00e9passer les 8.000 t au cours de la saison agricole 2021-2022, soit une hausse de 10 \u00e0 15 pc par rapport \u00e0 la saison derni\u00e8re, indique un communiqu\u00e9 de la Direction r\u00e9gionale de l\u2019Agriculture de l\u2019Oriental.<\/p>\n<p style=\"text-align: justify;\">Les n\u00e9fliers couvrent une superficie importante de 600 ha au niveau de la province de Berkane, ce qui repr\u00e9sente plus de 80 pc de la superficie globale consacr\u00e9e \u00e0 cette fili\u00e8re au niveau national, pr\u00e9cise le communiqu\u00e9 \u00e0 l\u2019occasion du d\u00e9but de la p\u00e9riode de r\u00e9colte de ce fruit.<\/p>\n<p style=\"text-align: justify;\">Cette superficie est r\u00e9partie sur les communes de Zegzel, Takerboust, Tazaghine et Ouaoullout, et produit quatre vari\u00e9t\u00e9s de n\u00e8fles, \u00e0 savoir le Tanaka, le Navela, le Muscat et Mkarkab.<\/p>\n<p style=\"text-align: justify;\">A noter que le n\u00e9flier de Zegzel b\u00e9n\u00e9ficie depuis 2013 de la reconnaissance \u00abIndication G\u00e9ographique Prot\u00e9g\u00e9e (IGP)\u00bb et fait partie des produits de terroir faisant l\u2019objet d\u2019une attention particuli\u00e8re du plan r\u00e9gional de d\u00e9veloppement agricole, dans le cadre du programme de d\u00e9veloppement des produits de terroir de la r\u00e9gion de l\u2019Oriental.<\/p>\n<p style=\"text-align: justify;\">En vue de promouvoir et valoriser le n\u00e9flier de la r\u00e9gion, la Direction r\u00e9gionale de l\u2019Agriculture a allou\u00e9, entre 2015 et 2019, une enveloppe d\u2019un million de dirhams \u00e0 l\u2019am\u00e9lioration des techniques de production et \u00e0 la valorisation et l\u2019am\u00e9lioration de la comp\u00e9titivit\u00e9 du produit.<\/p>\n<p style=\"text-align: justify;\">Au cours de cette p\u00e9riode, les producteurs ont b\u00e9n\u00e9fici\u00e9 de plusieurs formations sur les m\u00e9thodes de production, de valorisation et de commercialisation, ainsi que de la distribution de mat\u00e9riel technique, sans oublier l\u2019\u00e9quipement d\u2019une unit\u00e9 de conditionnement des n\u00e8fles et un soutien technique en vue d\u2019obtenir la certification IGP au profit de 32 producteurs.<\/p>\n<\/div>\n<p>L\u2019article <a rel=\"nofollow\" href=\"https:\/\/www.mapoujda.ma\/fr\/nefles-de-zegzel-la-production-depassera-les-8-000-t-en-2021-2022\/\">N\u00e8fles de Zegzel : La production d\u00e9passera les 8.000 t en 2021-2022<\/a> est apparu en premier sur <a rel=\"nofollow\" href=\"https:\/\/www.mapoujda.ma\/fr\">MapOujda<\/a>.<\/p>\n<\/div>\n<p>Auteur: Soufiane ELAHMAR<br \/>\n<a href=\"https:\/\/www.mapoujda.ma\/fr\/nefles-de-zegzel-la-production-depassera-les-8-000-t-en-2021-2022\/\">Cliquez ici pour lire l&rsquo;article depuis sa source.<\/a><\/p>\n","protected":false},"excerpt":{"rendered":"<p>La production des n\u00e8fles de Zegzel (province de Berkane) devrait d\u00e9passer les 8.000 t au cours de la saison agricole 2021-2022, soit une hausse de 10 \u00e0 15 pc par rapport \u00e0 la saison derni\u00e8re, indique un communiqu\u00e9 de la Direction r\u00e9gionale de l\u2019Agriculture de l\u2019Oriental. Les n\u00e9fliers couvrent une superficie importante de 600 ha [&hellip;]<\/p>\n","protected":false},"author":1788,"featured_media":0,"comment_status":"closed","ping_status":"closed","sticky":false,"template":"","format":"standard","meta":{"fifu_image_url":"https:\/\/www.mapoujda.ma\/map\/uploads\/2022\/05\/Les-n\u00e8fles-de-Zegzel-750\u00d7430-MAP.jpg","fifu_image_alt":"N\u00e8fles de Zegzel : La production d\u00e9passera les 8.000 t en 2021-2022","footnotes":""},"categories":[54,76],"tags":[],"class_list":["post-147804","post","type-post","status-publish","format-standard","hentry","category-maroc","category-regions"],"_links":{"self":[{"href":"https:\/\/linitiative.ca\/International\/wp-json\/wp\/v2\/posts\/147804","targetHints":{"allow":["GET"]}}],"collection":[{"href":"https:\/\/linitiative.ca\/International\/wp-json\/wp\/v2\/posts"}],"about":[{"href":"https:\/\/linitiative.ca\/International\/wp-json\/wp\/v2\/types\/post"}],"author":[{"embeddable":true,"href":"https:\/\/linitiative.ca\/International\/wp-json\/wp\/v2\/users\/1788"}],"replies":[{"embeddable":true,"href":"https:\/\/linitiative.ca\/International\/wp-json\/wp\/v2\/comments?post=147804"}],"version-history":[{"count":0,"href":"https:\/\/linitiative.ca\/International\/wp-json\/wp\/v2\/posts\/147804\/revisions"}],"wp:attachment":[{"href":"https:\/\/linitiative.ca\/International\/wp-json\/wp\/v2\/media?parent=147804"}],"wp:term":[{"taxonomy":"category","embeddable":true,"href":"https:\/\/linitiative.ca\/International\/wp-json\/wp\/v2\/categories?post=147804"},{"taxonomy":"post_tag","embeddable":true,"href":"https:\/\/linitiative.ca\/International\/wp-json\/wp\/v2\/tags?post=147804"}],"curies":[{"name":"wp","href":"https:\/\/api.w.org\/{rel}","templated":true}]}}