{"id":147809,"date":"2022-05-16T11:07:51","date_gmt":"2022-05-16T15:07:51","guid":{"rendered":"https:\/\/linitiative.ca\/International\/decarbonation-le-maroc-et-lonudi-cooperent\/"},"modified":"2022-05-16T11:07:51","modified_gmt":"2022-05-16T15:07:51","slug":"decarbonation-le-maroc-et-lonudi-cooperent","status":"publish","type":"post","link":"https:\/\/linitiative.ca\/International\/decarbonation-le-maroc-et-lonudi-cooperent\/","title":{"rendered":"D\u00e9carbonation: Le Maroc et l\u2019ONUDI coop\u00e8rent"},"content":{"rendered":"<div>\n<div class=\"field field-name-body field-type-text-with-summary field-label-hidden\">\n<div class=\"field-items\">\n<div class=\"field-item even\" property=\"content:encoded\">\n<p class=\"rtejustify\">Le Maroc et l\u2019Organisation des Nations unies pour le d\u00e9veloppement industriel (ONUDI) ont sign\u00e9, lundi 16 mai, une d\u00e9claration conjointe portant sur le d\u00e9veloppement d\u2019initiatives et de projets industriels visant \u00e0 d\u00e9velopper des partenariats dans les domaines de la d\u00e9carbonation industrielle et de la promotion de l\u2019\u00e9conomie circulaire. objectif:\u00a0<em>\u00ab renforcer la comp\u00e9titivit\u00e9 de la plateforme industrielle nationale \u00bb<\/em>.<\/p>\n<\/div>\n<\/div>\n<\/div>\n<\/div>\n<p>Auteur: hgueye<br \/>\n<a href=\"https:\/\/www.leconomiste.com\/flash-infos\/decarbonation-le-maroc-et-l-onudi-cooperent\">Cliquez ici pour lire l&rsquo;article depuis sa source.<\/a><\/p>\n","protected":false},"excerpt":{"rendered":"<p>Le Maroc et l\u2019Organisation des Nations unies pour le d\u00e9veloppement industriel (ONUDI) ont sign\u00e9, lundi 16 mai, une d\u00e9claration conjointe portant sur le d\u00e9veloppement d\u2019initiatives et de projets industriels visant \u00e0 d\u00e9velopper des partenariats dans les domaines de la d\u00e9carbonation industrielle et de la promotion de l\u2019\u00e9conomie circulaire. objectif:\u00a0\u00ab renforcer la comp\u00e9titivit\u00e9 de la plateforme [&hellip;]<\/p>\n","protected":false},"author":1763,"featured_media":0,"comment_status":"closed","ping_status":"closed","sticky":false,"template":"","format":"standard","meta":{"fifu_image_url":"","fifu_image_alt":"","footnotes":""},"categories":[78,54],"tags":[],"class_list":["post-147809","post","type-post","status-publish","format-standard","hentry","category-economie","category-maroc"],"_links":{"self":[{"href":"https:\/\/linitiative.ca\/International\/wp-json\/wp\/v2\/posts\/147809","targetHints":{"allow":["GET"]}}],"collection":[{"href":"https:\/\/linitiative.ca\/International\/wp-json\/wp\/v2\/posts"}],"about":[{"href":"https:\/\/linitiative.ca\/International\/wp-json\/wp\/v2\/types\/post"}],"author":[{"embeddable":true,"href":"https:\/\/linitiative.ca\/International\/wp-json\/wp\/v2\/users\/1763"}],"replies":[{"embeddable":true,"href":"https:\/\/linitiative.ca\/International\/wp-json\/wp\/v2\/comments?post=147809"}],"version-history":[{"count":0,"href":"https:\/\/linitiative.ca\/International\/wp-json\/wp\/v2\/posts\/147809\/revisions"}],"wp:attachment":[{"href":"https:\/\/linitiative.ca\/International\/wp-json\/wp\/v2\/media?parent=147809"}],"wp:term":[{"taxonomy":"category","embeddable":true,"href":"https:\/\/linitiative.ca\/International\/wp-json\/wp\/v2\/categories?post=147809"},{"taxonomy":"post_tag","embeddable":true,"href":"https:\/\/linitiative.ca\/International\/wp-json\/wp\/v2\/tags?post=147809"}],"curies":[{"name":"wp","href":"https:\/\/api.w.org\/{rel}","templated":true}]}}