{"id":14781,"date":"2019-02-16T08:10:20","date_gmt":"2019-02-16T13:10:20","guid":{"rendered":"https:\/\/linitiative.ca\/International\/maroc-espagne-pour-une-vraie-relance\/"},"modified":"2019-02-16T08:10:20","modified_gmt":"2019-02-16T13:10:20","slug":"maroc-espagne-pour-une-vraie-relance","status":"publish","type":"post","link":"https:\/\/linitiative.ca\/International\/maroc-espagne-pour-une-vraie-relance\/","title":{"rendered":"Maroc \u2013 Espagne : pour une vraie relance"},"content":{"rendered":"<p class=\"p1\">La visite du <strong>Roi Felipe VI<\/strong> a des objectifs politiques, mais surtout \u00e9conomiques. L\u2019Espagne reprend le chemin de la croissance, une opportunit\u00e9 pour le Maroc.<\/p>\n<div class=\"c10\"\/>\n<p class=\"p1\"><span class=\"s1\">L<\/span><span class=\"s1\">e Maroc et l\u2019Espagne sont dans un accord parfait sur deux dossiers strat\u00e9giques : la lutte anti-terroriste et les flux migratoires. La collaboration entre les services des deux pays est jug\u00e9e exemplaire. Elle a permis de d\u00e9manteler plusieurs cellules terroristes des deux c\u00f4t\u00e9s du d\u00e9troit. Le Maroc propose aussi sa collaboration dans la formation des Imams, la population de confession musulmane \u00e9tant importante chez nos voisins du Nord.<\/span><\/p>\n<p>Lire aussi\u00a0<a href=\"https:\/\/www.challenge.ma\/sm-le-roi-mohammed-vi-sentretient-avec-le-roi-don-felipe-vi-104824\/\" target=\"_blank\" rel=\"noopener\">Maroc \u2013 Espagne : signature de 11 accords de coop\u00e9ration<\/a><\/p>\n<p class=\"p2\">Sur l\u2019immigration, le Maroc fournit des efforts sur le plan s\u00e9curitaire pour stopper les flots. Les chiffres augmentent parce que la fili\u00e8re libyenne est relativement ass\u00e9ch\u00e9e. Le prix \u00e0 payer c\u2019est que les migrants qui n\u2019ont pu traverser, restent au Maroc. Rabat a choisi de les accueillir dignement, de leur donner acc\u00e8s aux soins. Cela a un co\u00fbt que l\u2019aide europ\u00e9enne ne couvre pas.<\/p>\n<p class=\"p2\"><span class=\"s1\">L\u2019entente sur ces deux points explique que les relations entre les deux pays ne subissent pas les changements de majorit\u00e9 \u00e0 Madrid, comme cela a \u00e9t\u00e9 le cas avec le d\u00e9part de Rajoy.<\/span><\/p>\n<p class=\"p4\"><span class=\"c11\">Les effets de la crise<\/span><\/p>\n<p class=\"p5\"><span class=\"s1\">S<\/span><span class=\"s1\">ur le plan \u00e9conomique, le tableau est moins reluisant. Dans les ann\u00e9es 90, l\u2019accord de p\u00eache et l\u2019accord agricole monopolisaient pratiquement les n\u00e9gociations. Madrid \u00e9tait \u00ab gourmande \u00bb pour le premier et frileuse pour le second, parce qu\u2019il y a similitude des produits.<\/span><\/p>\n<p class=\"p2\"><span class=\"s1\">Mais, au d\u00e9but du si\u00e8cle, dans les ann\u00e9es 2000, les investissements espagnols dans tous les secteurs, y compris l\u2019agriculture, ont fait un v\u00e9ritable bond, au point que l\u2019Espagne concurren\u00e7ait la France pour le premier rang des partenaires du Maroc.<\/span><\/p>\n<p class=\"p2\"><span class=\"s1\">La raison ne tient pas au changement de majorit\u00e9 au Maroc, ni aux mesures gouvernementales. La crise de 2008 a durement frapp\u00e9 l\u2019Espagne, mena\u00e7ant m\u00eame les fondements de son \u00e9conomie. Il a fallu un traitement de cheval pour assainir les finances publiques, raffermir le secteur financier et relancer l\u2019activit\u00e9.<\/span><\/p>\n<p class=\"p2\"><span class=\"s1\">Durant cette p\u00e9riode, le flux d\u2019investissements directs a ralenti de mani\u00e8re quasi m\u00e9canique.\u00a0<\/span><span class=\"s1\">La d\u00e9l\u00e9gation d\u2019hommes d\u2019affaires qui accompagne le Roi Felipe d\u00e9montre le regain d\u2019int\u00e9r\u00eat pour le Maroc. Les relations entre les deux patronats sont institutionnalis\u00e9es, toutes les conditions sont donc r\u00e9unies pour une <strong>relance<\/strong>.<\/span><\/p>\n<p class=\"p2\"><span class=\"s1\">Les deux Rois se connaissent bien, ce qui doit faciliter les pourparlers. L\u2019histoire des deux pays est charg\u00e9e comme pour tous voisins. Mais la pr\u00e9sence de pr\u00e8s d\u2019un million de Marocains en Espagne, les influences partag\u00e9es en Andalousie et au Nord du Maroc, cr\u00e9ent des liens qui facilitent la co-construction d\u2019un partenariat p\u00e9renne. M\u00eame si la monarchie espagnole n\u2019est pas ex\u00e9cutive sur le plan constitutionnel, elle a un r\u00f4le prescripteur. La visite du Roi Felipe est donc en elle-m\u00eame un symbole sur la force des liens entre les deux nations. C\u2019est aux op\u00e9rateurs de transformer l\u2019essai, en se saisissant des <strong>opportunit\u00e9s d\u2019affaires<\/strong> au profit des deux \u00e9conomies.\u00a0<\/span><\/p>\n<p><a href=\"https:\/\/www.challenge.ma\/wp-content\/uploads\/2019\/02\/Capture-d%E2%80%99%C3%A9cran-2019-02-15-%C3%A0-18.49.18.png\"><img loading=\"lazy\" decoding=\"async\" class=\"alignnone size-full wp-image-104936\" src=\"https:\/\/www.challenge.ma\/wp-content\/uploads\/2019\/02\/Capture-d%E2%80%99%C3%A9cran-2019-02-15-%C3%A0-18.49.18.png\" alt=\"\" width=\"1079\" height=\"800\"\/><\/a> <a href=\"https:\/\/www.challenge.ma\/wp-content\/uploads\/2019\/02\/Capture-d%E2%80%99%C3%A9cran-2019-02-15-%C3%A0-18.49.27.png\"><img loading=\"lazy\" decoding=\"async\" class=\"alignnone size-full wp-image-104937\" src=\"https:\/\/www.challenge.ma\/wp-content\/uploads\/2019\/02\/Capture-d%E2%80%99%C3%A9cran-2019-02-15-%C3%A0-18.49.27.png\" alt=\"\" width=\"1173\" height=\"697\"\/><\/a><\/p>\n<p><strong>Lisez la suite dans votre magazine Challenge en vente dans les kiosques.<\/strong><\/p>\n<div class=\"c18\">\n<fieldset class=\"c17\">\n<legend><strong><span class=\"c12\">Challenge<\/span><span class=\"c13\">news<\/span><\/strong><\/legend>\n<div class=\"c16\">Le meilleur de la r\u00e9daction s\u00e9lectionn\u00e9 par Challenge :<\/p>\n<\/div>\n<\/fieldset>\n<\/div>\n<p>Auteur: Jamal Berraoui<br \/>\n<a href=\"https:\/\/www.challenge.ma\/maroc-espagne-pour-une-vraie-relance-104935\/\">Cliquez ici pour lire l&rsquo;article depuis sa source.<\/a><\/p>\n","protected":false},"excerpt":{"rendered":"<p>La visite du Roi Felipe VI a des objectifs politiques, mais surtout \u00e9conomiques. L\u2019Espagne reprend le chemin de la croissance, une opportunit\u00e9 pour le Maroc. Le Maroc et l\u2019Espagne sont dans un accord parfait sur deux dossiers strat\u00e9giques : la lutte anti-terroriste et les flux migratoires. La collaboration entre les services des deux pays est [&hellip;]<\/p>\n","protected":false},"author":1787,"featured_media":14782,"comment_status":"closed","ping_status":"closed","sticky":false,"template":"","format":"standard","meta":{"fifu_image_url":"","fifu_image_alt":"","footnotes":""},"categories":[78,54],"tags":[],"class_list":["post-14781","post","type-post","status-publish","format-standard","has-post-thumbnail","hentry","category-economie","category-maroc"],"_links":{"self":[{"href":"https:\/\/linitiative.ca\/International\/wp-json\/wp\/v2\/posts\/14781","targetHints":{"allow":["GET"]}}],"collection":[{"href":"https:\/\/linitiative.ca\/International\/wp-json\/wp\/v2\/posts"}],"about":[{"href":"https:\/\/linitiative.ca\/International\/wp-json\/wp\/v2\/types\/post"}],"author":[{"embeddable":true,"href":"https:\/\/linitiative.ca\/International\/wp-json\/wp\/v2\/users\/1787"}],"replies":[{"embeddable":true,"href":"https:\/\/linitiative.ca\/International\/wp-json\/wp\/v2\/comments?post=14781"}],"version-history":[{"count":0,"href":"https:\/\/linitiative.ca\/International\/wp-json\/wp\/v2\/posts\/14781\/revisions"}],"wp:featuredmedia":[{"embeddable":true,"href":"https:\/\/linitiative.ca\/International\/wp-json\/"}],"wp:attachment":[{"href":"https:\/\/linitiative.ca\/International\/wp-json\/wp\/v2\/media?parent=14781"}],"wp:term":[{"taxonomy":"category","embeddable":true,"href":"https:\/\/linitiative.ca\/International\/wp-json\/wp\/v2\/categories?post=14781"},{"taxonomy":"post_tag","embeddable":true,"href":"https:\/\/linitiative.ca\/International\/wp-json\/wp\/v2\/tags?post=14781"}],"curies":[{"name":"wp","href":"https:\/\/api.w.org\/{rel}","templated":true}]}}