{"id":147814,"date":"2022-05-16T08:37:00","date_gmt":"2022-05-16T12:37:00","guid":{"rendered":"https:\/\/linitiative.ca\/International\/real-ancelotti-aurait-deja-une-idee-de-lequipe-a-aligner-en-finale\/"},"modified":"2022-05-16T08:37:00","modified_gmt":"2022-05-16T12:37:00","slug":"real-ancelotti-aurait-deja-une-idee-de-lequipe-a-aligner-en-finale","status":"publish","type":"post","link":"https:\/\/linitiative.ca\/International\/real-ancelotti-aurait-deja-une-idee-de-lequipe-a-aligner-en-finale\/","title":{"rendered":"Real : Ancelotti aurait d\u00e9j\u00e0 une id\u00e9e de l&rsquo;\u00e9quipe \u00e0 aligner en finale"},"content":{"rendered":"<div>L&rsquo;entra\u00eeneur du Real Madrid, Carlo Ancelotti, a laiss\u00e9 entendre qu&rsquo;il avait l&rsquo;intention d&rsquo;aligner une \u00e9quipe en finale de la Ligue des champions<\/div>\n<p>Auteur:<br \/>\n<a href=\"https:\/\/www.lebuteur.com\/article\/detail?titre=real-ancelotti-aurait-deja-une-idee-de-lequipe-a-aligner-en-finale&#038;id=102878\">Cliquez ici pour lire l&rsquo;article depuis sa source.<\/a><\/p>\n","protected":false},"excerpt":{"rendered":"<p>L&rsquo;entra\u00eeneur du Real Madrid, Carlo Ancelotti, a laiss\u00e9 entendre qu&rsquo;il avait l&rsquo;intention d&rsquo;aligner une \u00e9quipe en finale de la Ligue des champions Auteur: Cliquez ici pour lire l&rsquo;article depuis sa source.<\/p>\n","protected":false},"author":1738,"featured_media":0,"comment_status":"closed","ping_status":"closed","sticky":false,"template":"","format":"standard","meta":{"fifu_image_url":"","fifu_image_alt":"","footnotes":""},"categories":[53,75],"tags":[],"class_list":["post-147814","post","type-post","status-publish","format-standard","hentry","category-algerie","category-sport"],"_links":{"self":[{"href":"https:\/\/linitiative.ca\/International\/wp-json\/wp\/v2\/posts\/147814","targetHints":{"allow":["GET"]}}],"collection":[{"href":"https:\/\/linitiative.ca\/International\/wp-json\/wp\/v2\/posts"}],"about":[{"href":"https:\/\/linitiative.ca\/International\/wp-json\/wp\/v2\/types\/post"}],"author":[{"embeddable":true,"href":"https:\/\/linitiative.ca\/International\/wp-json\/wp\/v2\/users\/1738"}],"replies":[{"embeddable":true,"href":"https:\/\/linitiative.ca\/International\/wp-json\/wp\/v2\/comments?post=147814"}],"version-history":[{"count":0,"href":"https:\/\/linitiative.ca\/International\/wp-json\/wp\/v2\/posts\/147814\/revisions"}],"wp:attachment":[{"href":"https:\/\/linitiative.ca\/International\/wp-json\/wp\/v2\/media?parent=147814"}],"wp:term":[{"taxonomy":"category","embeddable":true,"href":"https:\/\/linitiative.ca\/International\/wp-json\/wp\/v2\/categories?post=147814"},{"taxonomy":"post_tag","embeddable":true,"href":"https:\/\/linitiative.ca\/International\/wp-json\/wp\/v2\/tags?post=147814"}],"curies":[{"name":"wp","href":"https:\/\/api.w.org\/{rel}","templated":true}]}}