{"id":147827,"date":"2022-05-16T11:47:54","date_gmt":"2022-05-16T15:47:54","guid":{"rendered":"https:\/\/linitiative.ca\/International\/finances-publiques-prevalence-du-pilotage-a-vue\/"},"modified":"2022-05-16T11:47:54","modified_gmt":"2022-05-16T15:47:54","slug":"finances-publiques-prevalence-du-pilotage-a-vue","status":"publish","type":"post","link":"https:\/\/linitiative.ca\/International\/finances-publiques-prevalence-du-pilotage-a-vue\/","title":{"rendered":"Finances publiques\u00a0: pr\u00e9valence du pilotage \u00e0 vue"},"content":{"rendered":"<div><img decoding=\"async\" width=\"610\" height=\"390\" src=\"https:\/\/linitiative.ca\/International\/wp-content\/uploads\/sites\/23\/2022\/05\/budget.jpeg\" class=\"attachment-post-thumbnail size-post-thumbnail wp-post-image\" alt=\"\" loading=\"lazy\" srcset=\"https:\/\/linitiative.ca\/International\/wp-content\/uploads\/sites\/23\/2022\/05\/budget.jpeg 610w, https:\/\/www.challenge.ma\/wp-content\/uploads\/2022\/05\/budget-300x192.jpeg 300w, https:\/\/www.challenge.ma\/wp-content\/uploads\/2022\/05\/budget-360x230.jpeg 360w\" sizes=\"auto, (max-width: 610px) 100vw, 610px\" itemprop=\"image\">Lors de son dernier passage au Parlement, la pr\u00e9sidente de la Cour des Comptes a soulign\u00e9 la n\u00e9cessit\u00e9 et l\u2019urgence de certaines r\u00e9formes dont celle relative au syst\u00e8me fiscal et celle aff\u00e9rente aux \u00e9tablissements et entreprises publiques. Ces r\u00e9formes sont indispensables pour pouvoir am\u00e9liorer structurellement la gestion des finances publiques.<\/div>\n<p>Auteur: Mohamed Amine<br \/>\n<a href=\"https:\/\/www.challenge.ma\/finances-publiques-prevalence-du-pilotage-a-vue-238764\/\">Cliquez ici pour lire l&rsquo;article depuis sa source.<\/a><\/p>\n","protected":false},"excerpt":{"rendered":"<p>Lors de son dernier passage au Parlement, la pr\u00e9sidente de la Cour des Comptes a soulign\u00e9 la n\u00e9cessit\u00e9 et l\u2019urgence de certaines r\u00e9formes dont celle relative au syst\u00e8me fiscal et celle aff\u00e9rente aux \u00e9tablissements et entreprises publiques. Ces r\u00e9formes sont indispensables pour pouvoir am\u00e9liorer structurellement la gestion des finances publiques. Auteur: Mohamed Amine Cliquez ici [&hellip;]<\/p>\n","protected":false},"author":1787,"featured_media":0,"comment_status":"closed","ping_status":"closed","sticky":false,"template":"","format":"standard","meta":{"fifu_image_url":"https:\/\/www.challenge.ma\/wp-content\/uploads\/2022\/05\/budget.jpeg","fifu_image_alt":"Finances publiques\u00a0: pr\u00e9valence du pilotage \u00e0 vue","footnotes":""},"categories":[78,54],"tags":[],"class_list":["post-147827","post","type-post","status-publish","format-standard","hentry","category-economie","category-maroc"],"_links":{"self":[{"href":"https:\/\/linitiative.ca\/International\/wp-json\/wp\/v2\/posts\/147827","targetHints":{"allow":["GET"]}}],"collection":[{"href":"https:\/\/linitiative.ca\/International\/wp-json\/wp\/v2\/posts"}],"about":[{"href":"https:\/\/linitiative.ca\/International\/wp-json\/wp\/v2\/types\/post"}],"author":[{"embeddable":true,"href":"https:\/\/linitiative.ca\/International\/wp-json\/wp\/v2\/users\/1787"}],"replies":[{"embeddable":true,"href":"https:\/\/linitiative.ca\/International\/wp-json\/wp\/v2\/comments?post=147827"}],"version-history":[{"count":0,"href":"https:\/\/linitiative.ca\/International\/wp-json\/wp\/v2\/posts\/147827\/revisions"}],"wp:attachment":[{"href":"https:\/\/linitiative.ca\/International\/wp-json\/wp\/v2\/media?parent=147827"}],"wp:term":[{"taxonomy":"category","embeddable":true,"href":"https:\/\/linitiative.ca\/International\/wp-json\/wp\/v2\/categories?post=147827"},{"taxonomy":"post_tag","embeddable":true,"href":"https:\/\/linitiative.ca\/International\/wp-json\/wp\/v2\/tags?post=147827"}],"curies":[{"name":"wp","href":"https:\/\/api.w.org\/{rel}","templated":true}]}}