{"id":147829,"date":"2022-05-16T12:00:00","date_gmt":"2022-05-16T16:00:00","guid":{"rendered":"https:\/\/linitiative.ca\/International\/portrait-imane-rekaibi-responsable-communication-institutionnelle-rse-de-renault-group\/"},"modified":"2022-05-16T12:00:00","modified_gmt":"2022-05-16T16:00:00","slug":"portrait-imane-rekaibi-responsable-communication-institutionnelle-rse-de-renault-group","status":"publish","type":"post","link":"https:\/\/linitiative.ca\/International\/portrait-imane-rekaibi-responsable-communication-institutionnelle-rse-de-renault-group\/","title":{"rendered":"Portrait. Imane Rekaibi,\u00a0Responsable Communication Institutionnelle &amp; RSE de Renault Group"},"content":{"rendered":"<div><img decoding=\"async\" width=\"1200\" height=\"745\" src=\"https:\/\/linitiative.ca\/International\/wp-content\/uploads\/sites\/23\/2022\/05\/Imane-Rekaibi.jpg\" class=\"attachment-post-thumbnail size-post-thumbnail wp-post-image\" alt=\"\" loading=\"lazy\" srcset=\"https:\/\/linitiative.ca\/International\/wp-content\/uploads\/sites\/23\/2022\/05\/Imane-Rekaibi.jpg 1200w, https:\/\/www.challenge.ma\/wp-content\/uploads\/2022\/05\/Imane-Rekaibi-300x186.jpg 300w, https:\/\/www.challenge.ma\/wp-content\/uploads\/2022\/05\/Imane-Rekaibi-1024x636.jpg 1024w, https:\/\/www.challenge.ma\/wp-content\/uploads\/2022\/05\/Imane-Rekaibi-768x477.jpg 768w, https:\/\/www.challenge.ma\/wp-content\/uploads\/2022\/05\/Imane-Rekaibi-650x404.jpg 650w, https:\/\/www.challenge.ma\/wp-content\/uploads\/2022\/05\/Imane-Rekaibi-360x224.jpg 360w, https:\/\/www.challenge.ma\/wp-content\/uploads\/2022\/05\/Imane-Rekaibi-750x466.jpg 750w\" sizes=\"auto, (max-width: 1200px) 100vw, 1200px\" itemprop=\"image\">Imane Rekaibi fait partie des 50 femmes inspirantes qui font bouger les lignes, s\u00e9lectionn\u00e9es dans le hors-s\u00e9rie de notre magazine Challenge \u00ab Les chances du Maroc \u00bb, paru le 8 mars dernier en hommage \u00e0 la femme marocaine. Ayant obtenu en 1996 son baccalaur\u00e9at \u00e0 Ryad, en Arabie Saoudite, c\u2019est<\/div>\n<p>Auteur: David J\u00e9r\u00e9mie<br \/>\n<a href=\"https:\/\/www.challenge.ma\/imane-rekaibi-responsable-communication-institutionnelle-rse-renault-group-238690\/\">Cliquez ici pour lire l&rsquo;article depuis sa source.<\/a><\/p>\n","protected":false},"excerpt":{"rendered":"<p>Imane Rekaibi fait partie des 50 femmes inspirantes qui font bouger les lignes, s\u00e9lectionn\u00e9es dans le hors-s\u00e9rie de notre magazine Challenge \u00ab Les chances du Maroc \u00bb, paru le 8 mars dernier en hommage \u00e0 la femme marocaine. Ayant obtenu en 1996 son baccalaur\u00e9at \u00e0 Ryad, en Arabie Saoudite, c\u2019est Auteur: David J\u00e9r\u00e9mie Cliquez ici [&hellip;]<\/p>\n","protected":false},"author":1787,"featured_media":0,"comment_status":"closed","ping_status":"closed","sticky":false,"template":"","format":"standard","meta":{"fifu_image_url":"https:\/\/www.challenge.ma\/wp-content\/uploads\/2022\/05\/Imane-Rekaibi.jpg","fifu_image_alt":"<div>Portrait. Imane Rekaibi,\u00a0Responsable Communication Institutionnelle & RSE de Renault Group<\/div>","footnotes":""},"categories":[78,54],"tags":[],"class_list":["post-147829","post","type-post","status-publish","format-standard","hentry","category-economie","category-maroc"],"_links":{"self":[{"href":"https:\/\/linitiative.ca\/International\/wp-json\/wp\/v2\/posts\/147829","targetHints":{"allow":["GET"]}}],"collection":[{"href":"https:\/\/linitiative.ca\/International\/wp-json\/wp\/v2\/posts"}],"about":[{"href":"https:\/\/linitiative.ca\/International\/wp-json\/wp\/v2\/types\/post"}],"author":[{"embeddable":true,"href":"https:\/\/linitiative.ca\/International\/wp-json\/wp\/v2\/users\/1787"}],"replies":[{"embeddable":true,"href":"https:\/\/linitiative.ca\/International\/wp-json\/wp\/v2\/comments?post=147829"}],"version-history":[{"count":0,"href":"https:\/\/linitiative.ca\/International\/wp-json\/wp\/v2\/posts\/147829\/revisions"}],"wp:attachment":[{"href":"https:\/\/linitiative.ca\/International\/wp-json\/wp\/v2\/media?parent=147829"}],"wp:term":[{"taxonomy":"category","embeddable":true,"href":"https:\/\/linitiative.ca\/International\/wp-json\/wp\/v2\/categories?post=147829"},{"taxonomy":"post_tag","embeddable":true,"href":"https:\/\/linitiative.ca\/International\/wp-json\/wp\/v2\/tags?post=147829"}],"curies":[{"name":"wp","href":"https:\/\/api.w.org\/{rel}","templated":true}]}}