{"id":14783,"date":"2019-02-16T06:26:12","date_gmt":"2019-02-16T11:26:12","guid":{"rendered":"https:\/\/linitiative.ca\/International\/tunisie-arrestation-de-deux-gardes-dans-laffaire-du-deces-dun-jeune-dans-le-poste-de-la-garde-nationale-de-barraket-essahel\/"},"modified":"2019-02-16T06:26:12","modified_gmt":"2019-02-16T11:26:12","slug":"tunisie-arrestation-de-deux-gardes-dans-laffaire-du-deces-dun-jeune-dans-le-poste-de-la-garde-nationale-de-barraket-essahel","status":"publish","type":"post","link":"https:\/\/linitiative.ca\/International\/tunisie-arrestation-de-deux-gardes-dans-laffaire-du-deces-dun-jeune-dans-le-poste-de-la-garde-nationale-de-barraket-essahel\/","title":{"rendered":"Tunisie: Arrestation de deux gardes dans l\u2019affaire du d\u00e9c\u00e8s d\u2019un jeune dans le poste de la garde nationale de Barraket Essahel"},"content":{"rendered":"<div class=\"post-cont-in left relative\">\n<div class=\"nc_socialPanel swp_flatFresh swp_d_fullColor swp_i_fullColor swp_o_fullColor scale-100 scale-fullWidth\" data-position=\"none\" data-float=\"floatNone\" data-count=\"5\" data-floatcolor=\"#ffffff\" data-emphasize=\"0\">\n<div class=\"nc_tweetContainer totes totesalt\" data-id=\"6\"><span class=\"swp_count\"><span class=\"swp_label\">Partages<\/span> 30<\/span><\/div>\n<\/div>\n<p>Le juge d\u2019instruction en charge de l\u2019affaire du d\u00e9c\u00e8s d\u2019un jeune homme vendredi soir au poste de la garde nationale dans la r\u00e9gion de Barraket Essahel, a d\u00e9cid\u00e9 de mettre en d\u00e9tention deux gardes et les accompagnateurs du d\u00e9funt\u00a0pour le besoin des investigations concernant les circonstances de cette mort.<\/p>\n<p>Le d\u00e9funt a \u00e9galement \u00e9t\u00e9 transf\u00e9r\u00e9 au service de m\u00e9decine l\u00e9gale afin de d\u00e9terminer les causes exactes du d\u00e9c\u00e8s, selon des sources de s\u00e9curit\u00e9 cit\u00e9es samedi par l\u2019agence TAP.<\/p>\n<div class=\"code-block code-block-1 c3\"><ins class=\"adsbygoogle c2\" data-ad-layout=\"in-article\" data-ad-format=\"fluid\" data-ad-client=\"ca-pub-2102118777505746\" data-ad-slot=\"7301775417\"\/> <\/div>\n<p>Selon des t\u00e9moins oculaires, la situation dans la r\u00e9gion de Baraka Sahel est redevenue stable apr\u00e8s avoir \u00e9t\u00e9 le th\u00e9\u00e2tre de tensions nocturnes dans la nuit de vendredi \u00e0 samedi entre les gardes et plusieurs manifestants qui ont jet\u00e9 des pierre et des cocktails Molotov\u00a0en direction\u00a0du poste de\u00a0la garde nationale\u00a0qui n\u2019a arr\u00eat\u00e9 aucun manifestants, pour \u00e9viter d\u2019attiser l\u2019atmosph\u00e8re.<\/p>\n<div class=\"mvp-org-wrap mvp-org-logo\" itemprop=\"publisher\" itemscope=\"\" itemtype=\"https:\/\/schema.org\/Organization\"><img decoding=\"async\" src=\"https:\/\/www.tunisienumerique.com\/wp-content\/uploads\/2017\/02\/logo_tunisie_numerique.png\"\/><\/div>\n<div class=\"nc_socialPanel swp_flatFresh swp_d_fullColor swp_i_fullColor swp_o_fullColor scale-100 scale-fullWidth\" data-position=\"none\" data-float=\"floatNone\" data-count=\"5\" data-floatcolor=\"#ffffff\" data-emphasize=\"0\">\n<div class=\"nc_tweetContainer totes totesalt\" data-id=\"6\"><span class=\"swp_count\"><span class=\"swp_label\">Partages<\/span> 30<\/span><\/div>\n<\/div>\n<div class=\"mvp-related-posts left relative\">\n<h4 class=\"post-header\"><span class=\"post-header\">Lire aussi<\/span><\/h4>\n<\/div>\n<\/div>\n<p>Auteur: Mourad S<br \/>\n<a href=\"https:\/\/www.tunisienumerique.com\/tunisie-arrestation-de-deux-gardes-dans-laffaire-du-deces-dun-jeune-dans-le-poste-de-la-garde-nationale-de-barraket-essahel\/\">Cliquez ici pour lire l&rsquo;article depuis sa source.<\/a><\/p>\n","protected":false},"excerpt":{"rendered":"<p>Partages 30 Le juge d\u2019instruction en charge de l\u2019affaire du d\u00e9c\u00e8s d\u2019un jeune homme vendredi soir au poste de la garde nationale dans la r\u00e9gion de Barraket Essahel, a d\u00e9cid\u00e9 de mettre en d\u00e9tention deux gardes et les accompagnateurs du d\u00e9funt\u00a0pour le besoin des investigations concernant les circonstances de cette mort. Le d\u00e9funt a \u00e9galement [&hellip;]<\/p>\n","protected":false},"author":1789,"featured_media":14784,"comment_status":"closed","ping_status":"closed","sticky":false,"template":"","format":"standard","meta":{"fifu_image_url":"","fifu_image_alt":"","footnotes":""},"categories":[73,55],"tags":[],"class_list":["post-14783","post","type-post","status-publish","format-standard","has-post-thumbnail","hentry","category-actualite","category-tunisie"],"_links":{"self":[{"href":"https:\/\/linitiative.ca\/International\/wp-json\/wp\/v2\/posts\/14783","targetHints":{"allow":["GET"]}}],"collection":[{"href":"https:\/\/linitiative.ca\/International\/wp-json\/wp\/v2\/posts"}],"about":[{"href":"https:\/\/linitiative.ca\/International\/wp-json\/wp\/v2\/types\/post"}],"author":[{"embeddable":true,"href":"https:\/\/linitiative.ca\/International\/wp-json\/wp\/v2\/users\/1789"}],"replies":[{"embeddable":true,"href":"https:\/\/linitiative.ca\/International\/wp-json\/wp\/v2\/comments?post=14783"}],"version-history":[{"count":0,"href":"https:\/\/linitiative.ca\/International\/wp-json\/wp\/v2\/posts\/14783\/revisions"}],"wp:featuredmedia":[{"embeddable":true,"href":"https:\/\/linitiative.ca\/International\/wp-json\/"}],"wp:attachment":[{"href":"https:\/\/linitiative.ca\/International\/wp-json\/wp\/v2\/media?parent=14783"}],"wp:term":[{"taxonomy":"category","embeddable":true,"href":"https:\/\/linitiative.ca\/International\/wp-json\/wp\/v2\/categories?post=14783"},{"taxonomy":"post_tag","embeddable":true,"href":"https:\/\/linitiative.ca\/International\/wp-json\/wp\/v2\/tags?post=14783"}],"curies":[{"name":"wp","href":"https:\/\/api.w.org\/{rel}","templated":true}]}}