{"id":147831,"date":"2022-05-16T14:55:55","date_gmt":"2022-05-16T18:55:55","guid":{"rendered":"https:\/\/linitiative.ca\/International\/france-elisabeth-borne-nommee-a-la-tete-du-gouvernement\/"},"modified":"2022-05-16T14:55:55","modified_gmt":"2022-05-16T18:55:55","slug":"france-elisabeth-borne-nommee-a-la-tete-du-gouvernement","status":"publish","type":"post","link":"https:\/\/linitiative.ca\/International\/france-elisabeth-borne-nommee-a-la-tete-du-gouvernement\/","title":{"rendered":"France. Elisabeth Borne nomm\u00e9e \u00e0 la t\u00eate du gouvernement"},"content":{"rendered":"<div><img decoding=\"async\" width=\"630\" height=\"472\" src=\"https:\/\/linitiative.ca\/International\/wp-content\/uploads\/sites\/23\/2022\/05\/62826aaf21000035c45082da.jpg\" class=\"attachment-post-thumbnail size-post-thumbnail wp-post-image\" alt=\"\" loading=\"lazy\" srcset=\"https:\/\/linitiative.ca\/International\/wp-content\/uploads\/sites\/23\/2022\/05\/62826aaf21000035c45082da.jpg 630w, https:\/\/www.challenge.ma\/wp-content\/uploads\/2022\/05\/62826aaf21000035c45082da-300x225.jpg 300w, https:\/\/www.challenge.ma\/wp-content\/uploads\/2022\/05\/62826aaf21000035c45082da-360x270.jpg 360w\" sizes=\"auto, (max-width: 630px) 100vw, 630px\" itemprop=\"image\">Emmanuel Macron a nomm\u00e9 ce 16 mai courant la ministre du Travail Elisabeth Borne \u00e0 la t\u00eate du gouvernement. Il s\u2019agit de la deuxi\u00e8me femme \u00e0 acc\u00e9der \u00e0 ces fonctions en France, \u00e0 un mois des \u00e9lections l\u00e9gislatives.Le pr\u00e9sident fran\u00e7ais l\u2019a donc charg\u00e9e de former un gouvernement. La passation de<\/div>\n<p>Auteur: David J\u00e9r\u00e9mie<br \/>\n<a href=\"https:\/\/www.challenge.ma\/france-elisabeth-borne-nommee-a-la-tete-du-gouvernement-238777\/\">Cliquez ici pour lire l&rsquo;article depuis sa source.<\/a><\/p>\n","protected":false},"excerpt":{"rendered":"<p>Emmanuel Macron a nomm\u00e9 ce 16 mai courant la ministre du Travail Elisabeth Borne \u00e0 la t\u00eate du gouvernement. Il s\u2019agit de la deuxi\u00e8me femme \u00e0 acc\u00e9der \u00e0 ces fonctions en France, \u00e0 un mois des \u00e9lections l\u00e9gislatives.Le pr\u00e9sident fran\u00e7ais l\u2019a donc charg\u00e9e de former un gouvernement. La passation de Auteur: David J\u00e9r\u00e9mie Cliquez ici [&hellip;]<\/p>\n","protected":false},"author":1787,"featured_media":0,"comment_status":"closed","ping_status":"closed","sticky":false,"template":"","format":"standard","meta":{"fifu_image_url":"https:\/\/www.challenge.ma\/wp-content\/uploads\/2022\/05\/62826aaf21000035c45082da.jpg","fifu_image_alt":"France. Elisabeth Borne nomm\u00e9e \u00e0 la t\u00eate du gouvernement","footnotes":""},"categories":[78,54],"tags":[],"class_list":["post-147831","post","type-post","status-publish","format-standard","hentry","category-economie","category-maroc"],"_links":{"self":[{"href":"https:\/\/linitiative.ca\/International\/wp-json\/wp\/v2\/posts\/147831","targetHints":{"allow":["GET"]}}],"collection":[{"href":"https:\/\/linitiative.ca\/International\/wp-json\/wp\/v2\/posts"}],"about":[{"href":"https:\/\/linitiative.ca\/International\/wp-json\/wp\/v2\/types\/post"}],"author":[{"embeddable":true,"href":"https:\/\/linitiative.ca\/International\/wp-json\/wp\/v2\/users\/1787"}],"replies":[{"embeddable":true,"href":"https:\/\/linitiative.ca\/International\/wp-json\/wp\/v2\/comments?post=147831"}],"version-history":[{"count":0,"href":"https:\/\/linitiative.ca\/International\/wp-json\/wp\/v2\/posts\/147831\/revisions"}],"wp:attachment":[{"href":"https:\/\/linitiative.ca\/International\/wp-json\/wp\/v2\/media?parent=147831"}],"wp:term":[{"taxonomy":"category","embeddable":true,"href":"https:\/\/linitiative.ca\/International\/wp-json\/wp\/v2\/categories?post=147831"},{"taxonomy":"post_tag","embeddable":true,"href":"https:\/\/linitiative.ca\/International\/wp-json\/wp\/v2\/tags?post=147831"}],"curies":[{"name":"wp","href":"https:\/\/api.w.org\/{rel}","templated":true}]}}