{"id":147835,"date":"2022-05-16T17:13:59","date_gmt":"2022-05-16T21:13:59","guid":{"rendered":"https:\/\/linitiative.ca\/International\/noureddine-boutayeb-le-chemin-de-la-generalisation-du-prescolaire-est-bien-entame\/"},"modified":"2022-05-16T17:13:59","modified_gmt":"2022-05-16T21:13:59","slug":"noureddine-boutayeb-le-chemin-de-la-generalisation-du-prescolaire-est-bien-entame","status":"publish","type":"post","link":"https:\/\/linitiative.ca\/International\/noureddine-boutayeb-le-chemin-de-la-generalisation-du-prescolaire-est-bien-entame\/","title":{"rendered":"Noureddine Boutayeb : \u00ab\u00a0le chemin de la g\u00e9n\u00e9ralisation du pr\u00e9scolaire est bien entam\u00e9\u00a0\u00bb"},"content":{"rendered":"<div><img decoding=\"async\" width=\"1200\" height=\"918\" src=\"https:\/\/linitiative.ca\/International\/wp-content\/uploads\/sites\/23\/2022\/05\/boutayer.jpg\" class=\"attachment-post-thumbnail size-post-thumbnail wp-post-image\" alt=\"\" loading=\"lazy\" srcset=\"https:\/\/linitiative.ca\/International\/wp-content\/uploads\/sites\/23\/2022\/05\/boutayer.jpg 1200w, https:\/\/www.challenge.ma\/wp-content\/uploads\/2022\/05\/boutayer-300x230.jpg 300w, https:\/\/www.challenge.ma\/wp-content\/uploads\/2022\/05\/boutayer-1024x783.jpg 1024w, https:\/\/www.challenge.ma\/wp-content\/uploads\/2022\/05\/boutayer-768x588.jpg 768w, https:\/\/www.challenge.ma\/wp-content\/uploads\/2022\/05\/boutayer-360x275.jpg 360w, https:\/\/www.challenge.ma\/wp-content\/uploads\/2022\/05\/boutayer-750x574.jpg 750w\" sizes=\"auto, (max-width: 1200px) 100vw, 1200px\" itemprop=\"image\">La \u00abpremi\u00e8re enfance\u00bb, est cette transition qui pr\u00e9pare l\u2019\u00eatre humain \u00e0 apprendre \u00e0 vivre en soci\u00e9t\u00e9. Noureddine Boutayeb est pleinement conscient de cette responsabilit\u00e9 soci\u00e9tale et strat\u00e9gique. Il est avant tout arm\u00e9 de volont\u00e9 et de bon sens pour relever ce d\u00e9fi. Son exp\u00e9rience diversifi\u00e9e de terrain, dans le priv\u00e9,<\/div>\n<p>Auteur: Adama Sylla<br \/>\n<a href=\"https:\/\/www.challenge.ma\/noureddine-boutayeb-le-chemin-de-la-generalisation-du-prescolaire-est-bien-entame-238585\/\">Cliquez ici pour lire l&rsquo;article depuis sa source.<\/a><\/p>\n","protected":false},"excerpt":{"rendered":"<p>La \u00abpremi\u00e8re enfance\u00bb, est cette transition qui pr\u00e9pare l\u2019\u00eatre humain \u00e0 apprendre \u00e0 vivre en soci\u00e9t\u00e9. Noureddine Boutayeb est pleinement conscient de cette responsabilit\u00e9 soci\u00e9tale et strat\u00e9gique. Il est avant tout arm\u00e9 de volont\u00e9 et de bon sens pour relever ce d\u00e9fi. Son exp\u00e9rience diversifi\u00e9e de terrain, dans le priv\u00e9, Auteur: Adama Sylla Cliquez ici [&hellip;]<\/p>\n","protected":false},"author":1787,"featured_media":0,"comment_status":"closed","ping_status":"closed","sticky":false,"template":"","format":"standard","meta":{"fifu_image_url":"https:\/\/www.challenge.ma\/wp-content\/uploads\/2022\/05\/boutayer.jpg","fifu_image_alt":"Noureddine Boutayeb : \u00ab\u00a0le chemin de la g\u00e9n\u00e9ralisation du pr\u00e9scolaire est bien entam\u00e9\u00a0\u00bb","footnotes":""},"categories":[78,54],"tags":[],"class_list":["post-147835","post","type-post","status-publish","format-standard","hentry","category-economie","category-maroc"],"_links":{"self":[{"href":"https:\/\/linitiative.ca\/International\/wp-json\/wp\/v2\/posts\/147835","targetHints":{"allow":["GET"]}}],"collection":[{"href":"https:\/\/linitiative.ca\/International\/wp-json\/wp\/v2\/posts"}],"about":[{"href":"https:\/\/linitiative.ca\/International\/wp-json\/wp\/v2\/types\/post"}],"author":[{"embeddable":true,"href":"https:\/\/linitiative.ca\/International\/wp-json\/wp\/v2\/users\/1787"}],"replies":[{"embeddable":true,"href":"https:\/\/linitiative.ca\/International\/wp-json\/wp\/v2\/comments?post=147835"}],"version-history":[{"count":0,"href":"https:\/\/linitiative.ca\/International\/wp-json\/wp\/v2\/posts\/147835\/revisions"}],"wp:attachment":[{"href":"https:\/\/linitiative.ca\/International\/wp-json\/wp\/v2\/media?parent=147835"}],"wp:term":[{"taxonomy":"category","embeddable":true,"href":"https:\/\/linitiative.ca\/International\/wp-json\/wp\/v2\/categories?post=147835"},{"taxonomy":"post_tag","embeddable":true,"href":"https:\/\/linitiative.ca\/International\/wp-json\/wp\/v2\/tags?post=147835"}],"curies":[{"name":"wp","href":"https:\/\/api.w.org\/{rel}","templated":true}]}}