{"id":147840,"date":"2022-05-16T17:01:59","date_gmt":"2022-05-16T21:01:59","guid":{"rendered":"https:\/\/linitiative.ca\/International\/tunisie-bizerte-un-incendie-declare-dans-une-ferme-a-mateur-a-ete-maitrise\/"},"modified":"2022-05-16T17:01:59","modified_gmt":"2022-05-16T21:01:59","slug":"tunisie-bizerte-un-incendie-declare-dans-une-ferme-a-mateur-a-ete-maitrise","status":"publish","type":"post","link":"https:\/\/linitiative.ca\/International\/tunisie-bizerte-un-incendie-declare-dans-une-ferme-a-mateur-a-ete-maitrise\/","title":{"rendered":"Tunisie-Bizerte : Un incendie d\u00e9clar\u00e9 dans une ferme \u00e0 Mateur a \u00e9t\u00e9 maitris\u00e9"},"content":{"rendered":"<div>\n<p>La Division Centrale de la Protection Civile de Mateur du gouvernorat de Bizerte a maitris\u00e9 totalement aujourd\u2019hui lundi, un incendie soudain qui s\u2019est d\u00e9clar\u00e9 dans l\u2019une des fermes agricoles au secteur de Chagaga de la d\u00e9l\u00e9gation de Mateur, selon le Directeur R\u00e9gional de la Protection Civile, le Colonel-major Kamel Melliti. La m\u00eame source a indiqu\u00e9, [\u2026]<\/p>\n<p>L\u2019article <a href=\"https:\/\/www.tunisienumerique.com\/tunisie-bizerte-un-incendie-declare-dans-une-ferme-a-mateur-a-ete-maitrise\/\">Tunisie-Bizerte : Un incendie d\u00e9clar\u00e9 dans une ferme \u00e0 Mateur a \u00e9t\u00e9 maitris\u00e9<\/a> est apparu en premier sur <a href=\"http:\/\/www.tunisienumerique.com\/\">Tunisie<\/a>.<\/p>\n<\/div>\n<p>Auteur: rania ben slimane<br \/>\n<a href=\"https:\/\/www.tunisienumerique.com\/tunisie-bizerte-un-incendie-declare-dans-une-ferme-a-mateur-a-ete-maitrise\/\">Cliquez ici pour lire l&rsquo;article depuis sa source.<\/a><\/p>\n","protected":false},"excerpt":{"rendered":"<p>La Division Centrale de la Protection Civile de Mateur du gouvernorat de Bizerte a maitris\u00e9 totalement aujourd\u2019hui lundi, un incendie soudain qui s\u2019est d\u00e9clar\u00e9 dans l\u2019une des fermes agricoles au secteur de Chagaga de la d\u00e9l\u00e9gation de Mateur, selon le Directeur R\u00e9gional de la Protection Civile, le Colonel-major Kamel Melliti. La m\u00eame source a indiqu\u00e9, [&hellip;]<\/p>\n","protected":false},"author":1789,"featured_media":0,"comment_status":"closed","ping_status":"closed","sticky":false,"template":"","format":"standard","meta":{"fifu_image_url":"","fifu_image_alt":"","footnotes":""},"categories":[73,55],"tags":[],"class_list":["post-147840","post","type-post","status-publish","format-standard","hentry","category-actualite","category-tunisie"],"_links":{"self":[{"href":"https:\/\/linitiative.ca\/International\/wp-json\/wp\/v2\/posts\/147840","targetHints":{"allow":["GET"]}}],"collection":[{"href":"https:\/\/linitiative.ca\/International\/wp-json\/wp\/v2\/posts"}],"about":[{"href":"https:\/\/linitiative.ca\/International\/wp-json\/wp\/v2\/types\/post"}],"author":[{"embeddable":true,"href":"https:\/\/linitiative.ca\/International\/wp-json\/wp\/v2\/users\/1789"}],"replies":[{"embeddable":true,"href":"https:\/\/linitiative.ca\/International\/wp-json\/wp\/v2\/comments?post=147840"}],"version-history":[{"count":0,"href":"https:\/\/linitiative.ca\/International\/wp-json\/wp\/v2\/posts\/147840\/revisions"}],"wp:attachment":[{"href":"https:\/\/linitiative.ca\/International\/wp-json\/wp\/v2\/media?parent=147840"}],"wp:term":[{"taxonomy":"category","embeddable":true,"href":"https:\/\/linitiative.ca\/International\/wp-json\/wp\/v2\/categories?post=147840"},{"taxonomy":"post_tag","embeddable":true,"href":"https:\/\/linitiative.ca\/International\/wp-json\/wp\/v2\/tags?post=147840"}],"curies":[{"name":"wp","href":"https:\/\/api.w.org\/{rel}","templated":true}]}}