{"id":147841,"date":"2022-05-16T17:12:31","date_gmt":"2022-05-16T21:12:31","guid":{"rendered":"https:\/\/linitiative.ca\/International\/tunisie-lugtt-rend-hommage-a-lartiste-marcel-khalife\/"},"modified":"2022-05-16T17:12:31","modified_gmt":"2022-05-16T21:12:31","slug":"tunisie-lugtt-rend-hommage-a-lartiste-marcel-khalife","status":"publish","type":"post","link":"https:\/\/linitiative.ca\/International\/tunisie-lugtt-rend-hommage-a-lartiste-marcel-khalife\/","title":{"rendered":"Tunisie : L\u2019UGTT rend hommage \u00e0 l\u2019artiste Marcel Khalif\u00e9"},"content":{"rendered":"<div>\n<p>L\u2019Union G\u00e9n\u00e9rale Tunisienne du Travail a rendu hommage ce soir, lundi 16 mai 2022 \u00e0 l\u2019artiste engag\u00e9 et musicien arabe, Marcel Khalif\u00e9. Marcel Khalif\u00e9 est arriv\u00e9 \u00e0 Hammamet, hier dimanche 15 mai 2022, en tant qu\u2019invit\u00e9 du Festival International du Monodrame de Carthage, o\u00f9 il a \u00e9t\u00e9 re\u00e7u au sein de la soir\u00e9e de po\u00e9sie [\u2026]<\/p>\n<p>L\u2019article <a href=\"https:\/\/www.tunisienumerique.com\/tunisie-lugtt-rend-hommage-a-lartiste-marcel-khalife\/\">Tunisie : L\u2019UGTT rend hommage \u00e0 l\u2019artiste Marcel Khalif\u00e9<\/a> est apparu en premier sur <a href=\"http:\/\/www.tunisienumerique.com\/\">Tunisie<\/a>.<\/p>\n<\/div>\n<p>Auteur: rania ben slimane<br \/>\n<a href=\"https:\/\/www.tunisienumerique.com\/tunisie-lugtt-rend-hommage-a-lartiste-marcel-khalife\/\">Cliquez ici pour lire l&rsquo;article depuis sa source.<\/a><\/p>\n","protected":false},"excerpt":{"rendered":"<p>L\u2019Union G\u00e9n\u00e9rale Tunisienne du Travail a rendu hommage ce soir, lundi 16 mai 2022 \u00e0 l\u2019artiste engag\u00e9 et musicien arabe, Marcel Khalif\u00e9. Marcel Khalif\u00e9 est arriv\u00e9 \u00e0 Hammamet, hier dimanche 15 mai 2022, en tant qu\u2019invit\u00e9 du Festival International du Monodrame de Carthage, o\u00f9 il a \u00e9t\u00e9 re\u00e7u au sein de la soir\u00e9e de po\u00e9sie [&hellip;]<\/p>\n","protected":false},"author":1789,"featured_media":0,"comment_status":"closed","ping_status":"closed","sticky":false,"template":"","format":"standard","meta":{"fifu_image_url":"","fifu_image_alt":"","footnotes":""},"categories":[73,55],"tags":[],"class_list":["post-147841","post","type-post","status-publish","format-standard","hentry","category-actualite","category-tunisie"],"_links":{"self":[{"href":"https:\/\/linitiative.ca\/International\/wp-json\/wp\/v2\/posts\/147841","targetHints":{"allow":["GET"]}}],"collection":[{"href":"https:\/\/linitiative.ca\/International\/wp-json\/wp\/v2\/posts"}],"about":[{"href":"https:\/\/linitiative.ca\/International\/wp-json\/wp\/v2\/types\/post"}],"author":[{"embeddable":true,"href":"https:\/\/linitiative.ca\/International\/wp-json\/wp\/v2\/users\/1789"}],"replies":[{"embeddable":true,"href":"https:\/\/linitiative.ca\/International\/wp-json\/wp\/v2\/comments?post=147841"}],"version-history":[{"count":0,"href":"https:\/\/linitiative.ca\/International\/wp-json\/wp\/v2\/posts\/147841\/revisions"}],"wp:attachment":[{"href":"https:\/\/linitiative.ca\/International\/wp-json\/wp\/v2\/media?parent=147841"}],"wp:term":[{"taxonomy":"category","embeddable":true,"href":"https:\/\/linitiative.ca\/International\/wp-json\/wp\/v2\/categories?post=147841"},{"taxonomy":"post_tag","embeddable":true,"href":"https:\/\/linitiative.ca\/International\/wp-json\/wp\/v2\/tags?post=147841"}],"curies":[{"name":"wp","href":"https:\/\/api.w.org\/{rel}","templated":true}]}}