{"id":147842,"date":"2022-05-16T16:52:37","date_gmt":"2022-05-16T20:52:37","guid":{"rendered":"https:\/\/linitiative.ca\/International\/reprise-du-proces-des-criminels-de-guerre-en-rca-la-cps-joue-sa-credibilite\/"},"modified":"2022-05-16T16:52:37","modified_gmt":"2022-05-16T20:52:37","slug":"reprise-du-proces-des-criminels-de-guerre-en-rca-la-cps-joue-sa-credibilite","status":"publish","type":"post","link":"https:\/\/linitiative.ca\/International\/reprise-du-proces-des-criminels-de-guerre-en-rca-la-cps-joue-sa-credibilite\/","title":{"rendered":"REPRISE DU PROCES DES CRIMINELS DE GUERRE EN RCA : La CPS joue sa cr\u00e9dibilit\u00e9"},"content":{"rendered":"<div>\n<p><img loading=\"lazy\" decoding=\"async\" width=\"700\" height=\"394\" src=\"https:\/\/linitiative.ca\/International\/wp-content\/uploads\/sites\/23\/2022\/05\/PROCES-2-1.jpg\" class=\"attachment- size- wp-post-image\" alt=\"\" style=\"float:left; margin:0 15px 15px 0;\" srcset=\"https:\/\/linitiative.ca\/International\/wp-content\/uploads\/sites\/23\/2022\/05\/PROCES-2-1.jpg 700w, https:\/\/lepays.bf\/wp-content\/uploads\/2022\/05\/PROCES-2-1-300x169.jpg 300w, https:\/\/lepays.bf\/wp-content\/uploads\/2022\/05\/PROCES-2-1-150x84.jpg 150w\" sizes=\"auto, (max-width: 700px) 100vw, 700px\">Issa Sallet, Tahir Mahamat et Ousman Yaouba\u00a0; tels se pr\u00e9nomment les premiers pr\u00e9venus de la Cour p\u00e9nale sp\u00e9ciale (CPS) cr\u00e9\u00e9e il y a sept (7) ans pour connaitre des graves violations des droits humains commises en R\u00e9publique centrafricaine depuis 2003. Accus\u00e9s de crimes de guerre [\u2026]<\/p>\n<p>L\u2019article <a rel=\"nofollow\" href=\"https:\/\/lepays.bf\/reprise-du-proces-des-criminels-de-guerre-en-rca-la-cps-joue-sa-credibilite\/\">REPRISE DU PROCES DES CRIMINELS DE GUERRE EN RCA : La CPS joue sa cr\u00e9dibilit\u00e9<\/a> est apparu en premier sur <a rel=\"nofollow\" href=\"https:\/\/lepays.bf\/\">Editions Le Pays<\/a>.<\/p>\n<\/div>\n<p>Auteur: Editions LEPAYS<br \/>\n<a href=\"https:\/\/lepays.bf\/reprise-du-proces-des-criminels-de-guerre-en-rca-la-cps-joue-sa-credibilite\/\">Cliquez ici pour lire l&rsquo;article depuis sa source.<\/a><\/p>\n","protected":false},"excerpt":{"rendered":"<p>Issa Sallet, Tahir Mahamat et Ousman Yaouba\u00a0; tels se pr\u00e9nomment les premiers pr\u00e9venus de la Cour p\u00e9nale sp\u00e9ciale (CPS) cr\u00e9\u00e9e il y a sept (7) ans pour connaitre des graves violations des droits humains commises en R\u00e9publique centrafricaine depuis 2003. Accus\u00e9s de crimes de guerre [\u2026] L\u2019article REPRISE DU PROCES DES CRIMINELS DE GUERRE EN [&hellip;]<\/p>\n","protected":false},"author":1813,"featured_media":0,"comment_status":"closed","ping_status":"closed","sticky":false,"template":"","format":"standard","meta":{"fifu_image_url":"https:\/\/lepays.bf\/wp-content\/uploads\/2022\/05\/PROCES-2-1.jpg","fifu_image_alt":"REPRISE DU PROCES DES CRIMINELS DE GUERRE EN RCA : La CPS joue sa cr\u00e9dibilit\u00e9","footnotes":""},"categories":[73,81],"tags":[],"class_list":["post-147842","post","type-post","status-publish","format-standard","hentry","category-actualite","category-burkina-faso"],"_links":{"self":[{"href":"https:\/\/linitiative.ca\/International\/wp-json\/wp\/v2\/posts\/147842","targetHints":{"allow":["GET"]}}],"collection":[{"href":"https:\/\/linitiative.ca\/International\/wp-json\/wp\/v2\/posts"}],"about":[{"href":"https:\/\/linitiative.ca\/International\/wp-json\/wp\/v2\/types\/post"}],"author":[{"embeddable":true,"href":"https:\/\/linitiative.ca\/International\/wp-json\/wp\/v2\/users\/1813"}],"replies":[{"embeddable":true,"href":"https:\/\/linitiative.ca\/International\/wp-json\/wp\/v2\/comments?post=147842"}],"version-history":[{"count":0,"href":"https:\/\/linitiative.ca\/International\/wp-json\/wp\/v2\/posts\/147842\/revisions"}],"wp:attachment":[{"href":"https:\/\/linitiative.ca\/International\/wp-json\/wp\/v2\/media?parent=147842"}],"wp:term":[{"taxonomy":"category","embeddable":true,"href":"https:\/\/linitiative.ca\/International\/wp-json\/wp\/v2\/categories?post=147842"},{"taxonomy":"post_tag","embeddable":true,"href":"https:\/\/linitiative.ca\/International\/wp-json\/wp\/v2\/tags?post=147842"}],"curies":[{"name":"wp","href":"https:\/\/api.w.org\/{rel}","templated":true}]}}