{"id":147844,"date":"2022-05-16T07:50:10","date_gmt":"2022-05-16T11:50:10","guid":{"rendered":"https:\/\/linitiative.ca\/International\/g5-sahel-pour-protester-le-mali-se-retire-de-lorganisation\/"},"modified":"2022-05-16T07:50:10","modified_gmt":"2022-05-16T11:50:10","slug":"g5-sahel-pour-protester-le-mali-se-retire-de-lorganisation","status":"publish","type":"post","link":"https:\/\/linitiative.ca\/International\/g5-sahel-pour-protester-le-mali-se-retire-de-lorganisation\/","title":{"rendered":"G5 Sahel\u00a0: Pour protester, \u00a0le Mali se retire de l\u2019organisation"},"content":{"rendered":"<div>\n<p>Apr\u00e8s le Tchad, le Mali devait assurer la pr\u00e9sidence du G5 Sahel depuis f\u00e9vrier 2022.Mais jusque-l\u00e0, le pays n\u2019a pas pu pr\u00e9sider l\u2019organisation \u00e0 cause de l\u2019opposition, selon le pouvoir malien, de certains Etats membres du G5 Sahel. En col\u00e8re, la junte militaire au pouvoir a d\u00e9cid\u00e9 de retirer le Mali du G5 Sahel et de sa force antijihadiste.<\/p>\n<p>Dans un communiqu\u00e9, lu \u00e0 la t\u00e9l\u00e9vision nationale par \u00a0le porte-parole du gouvernement et relay\u00e9 par Africanews, le Colonel Abdoulaye Ma\u00efga, les autorit\u00e9s maliennes accusent le G5 Sahel d\u2019\u00eatre <em>\u00ab\u00a0instrumentalis\u00e9e\u00a0\u00bb<\/em> par <em>\u00ab\u00a0l\u2019ext\u00e9rieur\u00a0\u00bb.<\/em><\/p>\n<p><em>\u00a0<\/em>Ce qui, ont-elles d\u00e9clar\u00e9, provoque <em>\u00ab\u00a0une perte d\u2019autonomie, une instrumentalisation et un dysfonctionnement grave des organes du G5 Sahel(\u2026)\u00a0\u00bb.<\/em> Le G5 Sahel est \u00a0dor\u00e9navant compos\u00e9 de quatre pays, \u00e0 savoir \u00a0la Mauritanie, le Tchad, le Burkina Faso et le Niger.<\/p>\n<p><strong>AK<\/strong><\/p>\n<\/div>\n<p>Auteur: Wamini SIDWAYA<br \/>\n<a href=\"https:\/\/www.sidwaya.info\/blog\/2022\/05\/16\/g5-sahel-pour-protester-le-mali-se-retire-de-lorganisation\/\">Cliquez ici pour lire l&rsquo;article depuis sa source.<\/a><\/p>\n","protected":false},"excerpt":{"rendered":"<p>Apr\u00e8s le Tchad, le Mali devait assurer la pr\u00e9sidence du G5 Sahel depuis f\u00e9vrier 2022.Mais jusque-l\u00e0, le pays n\u2019a pas pu pr\u00e9sider l\u2019organisation \u00e0 cause de l\u2019opposition, selon le pouvoir malien, de certains Etats membres du G5 Sahel. En col\u00e8re, la junte militaire au pouvoir a d\u00e9cid\u00e9 de retirer le Mali du G5 Sahel et [&hellip;]<\/p>\n","protected":false},"author":1816,"featured_media":0,"comment_status":"closed","ping_status":"closed","sticky":false,"template":"","format":"standard","meta":{"fifu_image_url":"","fifu_image_alt":"","footnotes":""},"categories":[73,81],"tags":[],"class_list":["post-147844","post","type-post","status-publish","format-standard","hentry","category-actualite","category-burkina-faso"],"_links":{"self":[{"href":"https:\/\/linitiative.ca\/International\/wp-json\/wp\/v2\/posts\/147844","targetHints":{"allow":["GET"]}}],"collection":[{"href":"https:\/\/linitiative.ca\/International\/wp-json\/wp\/v2\/posts"}],"about":[{"href":"https:\/\/linitiative.ca\/International\/wp-json\/wp\/v2\/types\/post"}],"author":[{"embeddable":true,"href":"https:\/\/linitiative.ca\/International\/wp-json\/wp\/v2\/users\/1816"}],"replies":[{"embeddable":true,"href":"https:\/\/linitiative.ca\/International\/wp-json\/wp\/v2\/comments?post=147844"}],"version-history":[{"count":0,"href":"https:\/\/linitiative.ca\/International\/wp-json\/wp\/v2\/posts\/147844\/revisions"}],"wp:attachment":[{"href":"https:\/\/linitiative.ca\/International\/wp-json\/wp\/v2\/media?parent=147844"}],"wp:term":[{"taxonomy":"category","embeddable":true,"href":"https:\/\/linitiative.ca\/International\/wp-json\/wp\/v2\/categories?post=147844"},{"taxonomy":"post_tag","embeddable":true,"href":"https:\/\/linitiative.ca\/International\/wp-json\/wp\/v2\/tags?post=147844"}],"curies":[{"name":"wp","href":"https:\/\/api.w.org\/{rel}","templated":true}]}}