{"id":147858,"date":"2022-05-16T17:18:03","date_gmt":"2022-05-16T21:18:03","guid":{"rendered":"https:\/\/linitiative.ca\/International\/union-pour-la-mediterranee-marrakech-abrite-une-reunion-sur-lemploi-et-le-travail\/"},"modified":"2022-05-16T17:18:03","modified_gmt":"2022-05-16T21:18:03","slug":"union-pour-la-mediterranee-marrakech-abrite-une-reunion-sur-lemploi-et-le-travail","status":"publish","type":"post","link":"https:\/\/linitiative.ca\/International\/union-pour-la-mediterranee-marrakech-abrite-une-reunion-sur-lemploi-et-le-travail\/","title":{"rendered":"Union pour la M\u00e9diterran\u00e9e: Marrakech abrite une r\u00e9union sur l\u2019emploi et le travail"},"content":{"rendered":"<div>\n<p><img decoding=\"async\" width=\"225\" height=\"225\" src=\"https:\/\/linitiative.ca\/International\/wp-content\/uploads\/sites\/23\/2022\/05\/16527358835955.jpg\" class=\"attachment-post-thumbnail size-post-thumbnail wp-post-image\" alt=\"\" loading=\"lazy\" srcset=\"https:\/\/linitiative.ca\/International\/wp-content\/uploads\/sites\/23\/2022\/05\/16527358835955.jpg 225w, https:\/\/www.journalducameroun.com\/wp-content\/uploads\/2022\/05\/16527358835955-150x150.jpg 150w, https:\/\/www.journalducameroun.com\/wp-content\/uploads\/2022\/05\/16527358835955-60x60.jpg 60w, https:\/\/www.journalducameroun.com\/wp-content\/uploads\/2022\/05\/16527358835955-100x100.jpg 100w\" sizes=\"auto, (max-width: 225px) 100vw, 225px\"><\/p>\n<p>Les \u00c9tats membres de l&rsquo;Union pour la M\u00e9diterran\u00e9e (UpM) se r\u00e9uniront, les 17 et 18 mai \u00e0 Marrakech, pour la 5\u00e8me r\u00e9union minist\u00e9rielle de l&rsquo;UpM sur l&#8217;emploi et le travail.Organis\u00e9e par le minist\u00e8re de l&rsquo;Inclusion \u00e9conomique, de la Petite Entreprise, de l&rsquo;Emploi et des Comp\u00e9tences, et co-pr\u00e9sid\u00e9e par la Commission europ\u00e9enne \u00e0 travers la Direction G\u00e9n\u00e9rale en charge de l&rsquo;Emploi et des Affaires sociales, ainsi que le minist\u00e8re du Travail du Royaume hach\u00e9mite de Jordanie, en pr\u00e9sence de l&rsquo;Union pour la M\u00e9diterran\u00e9e, cette rencontre va d\u00e9battre des d\u00e9fis pressants sur le march\u00e9 du travail dans la r\u00e9gion euro-m\u00e9diterran\u00e9enne, en particulier sur la mani\u00e8re d&rsquo;assurer \u00e0 tous, surtout aux plus vuln\u00e9rables, une reprise inclusive, verte, num\u00e9rique et durable, selon une note de l&rsquo;UpM oubli\u00e9e sur son site officielle.<\/p>\n<p>La conf\u00e9rence permettra de pr\u00e9senter l&rsquo;ambition derri\u00e8re la strat\u00e9gie jeunesse de l&rsquo;UpM, consistant \u00e0 se concentrer sur les initiatives r\u00e9gionales pour l&#8217;employabilit\u00e9 des femmes et \u00e0 mettre en lumi\u00e8re les actions de l&rsquo;ONUDI pour les soutenir dans leurs efforts d&rsquo;autonomisation \u00e9conomique.<\/p>\n<p>Le d\u00e9bat sera enrichi par des t\u00e9moignages de femmes b\u00e9n\u00e9ficiaires des initiatives de l&rsquo;ONUDI et de l&rsquo;UpM au Maroc, ainsi que par des exemples de bonnes pratiques mises en \u0153uvre dans le Royaume, dans le cadre du programme de subventions de l&rsquo;UpM sur l&#8217;emploi<\/p>\n<p>La 4e r\u00e9union minist\u00e9rielle de l&rsquo;UpM sur l&#8217;emploi et le travail a eu lieu \u00e0 Cascais, au Portugal, les 2 et 3 avril 2019, sous le titre \u00ab Emplois, comp\u00e9tences et opportunit\u00e9s pour tous \u00bb.<\/p>\n<p>La r\u00e9gion euro-m\u00e9diterran\u00e9enne poss\u00e8de l&rsquo;une des populations les plus jeunes du monde, une personne sur trois \u00e9tant \u00e2g\u00e9e de moins de 25 ans. A cette population fortement touch\u00e9e par les d\u00e9fis de l&#8217;emploi, s&rsquo;ajoutent les femmes qui ont \u00e9t\u00e9 durement touch\u00e9es par la pand\u00e9mie qui a forc\u00e9 les fermetures des magasins et des secteurs qui emploient les femmes et des soins non r\u00e9mun\u00e9r\u00e9s.<\/p>\n<p>Cet article <a rel=\"nofollow\" href=\"https:\/\/www.journalducameroun.com\/union-pour-la-mediterranee-marrakech-abrite-une-reunion-sur-lemploi-et-le-travail\/\">Union pour la M\u00e9diterran\u00e9e: Marrakech abrite une r\u00e9union sur l\u2019emploi et le travail<\/a> est apparu en premier sur <a rel=\"nofollow\" href=\"https:\/\/www.journalducameroun.com\/\">Journal du Cameroun<\/a>.<\/p>\n<\/div>\n<p>Auteur: APA News<br \/>\n<a href=\"https:\/\/www.journalducameroun.com\/union-pour-la-mediterranee-marrakech-abrite-une-reunion-sur-lemploi-et-le-travail\/\">Cliquez ici pour lire l&rsquo;article depuis sa source.<\/a><\/p>\n","protected":false},"excerpt":{"rendered":"<p>Les \u00c9tats membres de l&rsquo;Union pour la M\u00e9diterran\u00e9e (UpM) se r\u00e9uniront, les 17 et 18 mai \u00e0 Marrakech, pour la 5\u00e8me r\u00e9union minist\u00e9rielle de l&rsquo;UpM sur l&#8217;emploi et le travail.Organis\u00e9e par le minist\u00e8re de l&rsquo;Inclusion \u00e9conomique, de la Petite Entreprise, de l&rsquo;Emploi et des Comp\u00e9tences, et co-pr\u00e9sid\u00e9e par la Commission europ\u00e9enne \u00e0 travers la Direction [&hellip;]<\/p>\n","protected":false},"author":1965,"featured_media":0,"comment_status":"closed","ping_status":"closed","sticky":false,"template":"","format":"standard","meta":{"fifu_image_url":"https:\/\/www.journalducameroun.com\/wp-content\/uploads\/2022\/05\/16527358835955.jpg","fifu_image_alt":"Union pour la M\u00e9diterran\u00e9e: Marrakech abrite une r\u00e9union sur l\u2019emploi et le travail","footnotes":""},"categories":[73,82],"tags":[],"class_list":["post-147858","post","type-post","status-publish","format-standard","hentry","category-actualite","category-cameroun"],"_links":{"self":[{"href":"https:\/\/linitiative.ca\/International\/wp-json\/wp\/v2\/posts\/147858","targetHints":{"allow":["GET"]}}],"collection":[{"href":"https:\/\/linitiative.ca\/International\/wp-json\/wp\/v2\/posts"}],"about":[{"href":"https:\/\/linitiative.ca\/International\/wp-json\/wp\/v2\/types\/post"}],"author":[{"embeddable":true,"href":"https:\/\/linitiative.ca\/International\/wp-json\/wp\/v2\/users\/1965"}],"replies":[{"embeddable":true,"href":"https:\/\/linitiative.ca\/International\/wp-json\/wp\/v2\/comments?post=147858"}],"version-history":[{"count":0,"href":"https:\/\/linitiative.ca\/International\/wp-json\/wp\/v2\/posts\/147858\/revisions"}],"wp:attachment":[{"href":"https:\/\/linitiative.ca\/International\/wp-json\/wp\/v2\/media?parent=147858"}],"wp:term":[{"taxonomy":"category","embeddable":true,"href":"https:\/\/linitiative.ca\/International\/wp-json\/wp\/v2\/categories?post=147858"},{"taxonomy":"post_tag","embeddable":true,"href":"https:\/\/linitiative.ca\/International\/wp-json\/wp\/v2\/tags?post=147858"}],"curies":[{"name":"wp","href":"https:\/\/api.w.org\/{rel}","templated":true}]}}