{"id":147860,"date":"2022-05-16T17:18:03","date_gmt":"2022-05-16T21:18:03","guid":{"rendered":"https:\/\/linitiative.ca\/International\/lintelligence-communautaire-et-linnovation-low-tech-sinvitent-a-la-smart-city-casablanca\/"},"modified":"2022-05-16T17:18:03","modified_gmt":"2022-05-16T21:18:03","slug":"lintelligence-communautaire-et-linnovation-low-tech-sinvitent-a-la-smart-city-casablanca","status":"publish","type":"post","link":"https:\/\/linitiative.ca\/International\/lintelligence-communautaire-et-linnovation-low-tech-sinvitent-a-la-smart-city-casablanca\/","title":{"rendered":"L\u2019intelligence communautaire et l\u2019innovation low-tech s\u2019invitent \u00e0 la Smart City Casablanca"},"content":{"rendered":"<div>\n<p><img decoding=\"async\" width=\"300\" height=\"161\" src=\"https:\/\/linitiative.ca\/International\/wp-content\/uploads\/sites\/23\/2022\/05\/16527358847941.jpg\" class=\"attachment-post-thumbnail size-post-thumbnail wp-post-image\" alt=\"\" loading=\"lazy\"><\/p>\n<p>L&rsquo;\u00e9dition 2022 du \u00ab Smart City Casablanca Symposium \u00bb, une plateforme d&rsquo;\u00e9changes et de r\u00e9flexions aura lieu les 25 et 26 mai 2022 \u00e0 Casablanca sous le th\u00e8me \u00ab L&rsquo;intelligence communautaire et l&rsquo;innovation low-tech \u00bb, ont annonc\u00e9 les organisateurs.La th\u00e9matique de cette ann\u00e9e puise son essence de la pertinence des exp\u00e9riences de r\u00e9siliences low-tech des citoyens pendant la crise de la Covid-19, mais aussi de l&rsquo;importance de l&rsquo;intelligence communautaire pour transiter vers la Smart City. Elle sera trait\u00e9e sous un triptyque urbanistique, \u00e9conomique et \u00e9cologique. Cette convergence de l&rsquo;humain et des low-tech laisse ainsi entrevoir le potentiel de l&rsquo;intelligence collective dans la co-conception et la co-construction de la ville dite smart tout en mobilisant les outils, ressources, biens et services appropri\u00e9s.<\/p>\n<p>Cette nouvelle \u00e9dition de Smart City Casablanca Symposium se propose de r\u00e9fl\u00e9chir \u00e0 la relation entre le citoyen et la technologie low-tech afin de r\u00e9soudre les grands d\u00e9fis de l&rsquo;urbanisation et de la m\u00e9tropolisation.<\/p>\n<p>Cinq axes th\u00e9matiques seront abord\u00e9s lors de cet \u00e9v\u00e8nement qui tiendra sur deux jours dans un format hybride via une plateforme virtuelle de retransmission. Il s&rsquo;agit de la gouvernance Bottom-up, de l&rsquo;innovation communautaire, de l&rsquo;entrepreneuriat social et du d\u00e9veloppement socio-\u00e9conomique, de la technologie lowtech au service des citoyens et enfin, de la transition \u00e9cologique des villes et des territoires.<\/p>\n<p>Pour relever les d\u00e9fis actuels et futurs, les villes doivent donc s&rsquo;appuyer davantage sur l&rsquo;intelligence communautaire, notamment la coop\u00e9ration entre les acteurs publics et priv\u00e9s. La probl\u00e9matique n&rsquo;est autre que d&rsquo;identifier les appuis de la ville pour une approche low-tech menant \u00e0 bien la transition vers plus de durabilit\u00e9 et de r\u00e9silience et dans laquelle le citoyen est acteur, concepteur et catalyseur de ces synergies territoriales int\u00e9gr\u00e9es.<\/p>\n<p>La session pl\u00e9ni\u00e8re d\u00e9battra de trois sujets se rapportant \u00e0 l&rsquo;innovation communautaire et low-tech dans la fabrique de la ville, des nouveaux business models de la ville low-tech et de la low-tech pour des villes durables et r\u00e9silientes.<\/p>\n<p>Au programme, l&rsquo;organisation de quatre ateliers. L&rsquo;un portant sur l&rsquo;innovation communautaire au service de la gouvernance \u00ab Bottom-up \u00bb avec un accent sur les nouvelles approches d&rsquo;innovation communautaire permettant de catalyser la participation des citoyens par le biais du design-thinking et d&rsquo;autres approches innovantes permettant de co-construire des villes inclusives.<\/p>\n<p>Le deuxi\u00e8me atelier s&rsquo;int\u00e9ressera \u00e0 la low-tech au service de l&rsquo;\u00e9quit\u00e9 sociale et du d\u00e9veloppement durable inclusif. Il se propose d&rsquo;explorer le potentiel de la low-tech comme vecteur d&rsquo;\u00e9quit\u00e9 sociale et de d\u00e9veloppement inclusif avec l&rsquo;ensemble des acteurs pour favoriser l&rsquo;\u00e9mergence des territoires qui se caract\u00e9risent par une r\u00e9partition \u00e9quitable de ressources.<\/p>\n<p>Quant au troisi\u00e8me atelier, il traitera des Startups low-tech et entreprises sociales. Cet atelier se veut une plateforme de partages et d&rsquo;\u00e9changes pour pr\u00e9senter des projets concrets port\u00e9s par des jeunes startupers ou entrepreneurs innovant dans la low tech.<\/p>\n<p>Le quatri\u00e8me atelier portera sur les Technologies intelligentes et la sobri\u00e9t\u00e9 num\u00e9rique. Il vise \u00e0 explorer les technologies intelligentes qui privil\u00e9gient la sobri\u00e9t\u00e9 num\u00e9rique pour le bien-\u00eatre communautaire et le respect de l&rsquo;environnement.<\/p>\n<p>Smart City Casablanca Symposium sera aussi ouvert au grand public \u00e0 travers \u00ab Smart City Connect Casablanca\u00bb. L&rsquo;objectif \u00e9tant de vulgariser le concept de la Smart City, en mettant les casablancais \u00e0 l&rsquo;honneur et en tissant des liens sociaux et culturels, un programme riche ax\u00e9 sur le d\u00e9bat d&rsquo;id\u00e9es et le divertissement nouvelle g\u00e9n\u00e9ration est propos\u00e9.<\/p>\n<p>C&rsquo;est dans ce contexte que seront organis\u00e9s des cr\u00e9ations artistiques innovantes, num\u00e9riques et spectaculaires, ludiques et p\u00e9dagogiques : installations interactives et immersives, vid\u00e9o projections et mapping, r\u00e9alit\u00e9s virtuelle et augment\u00e9e.<\/p>\n<p>Cet article <a rel=\"nofollow\" href=\"https:\/\/www.journalducameroun.com\/lintelligence-communautaire-et-linnovation-low-tech-sinvitent-a-la-smart-city-casablanca\/\">L\u2019intelligence communautaire et l\u2019innovation low-tech s\u2019invitent \u00e0 la Smart City Casablanca<\/a> est apparu en premier sur <a rel=\"nofollow\" href=\"https:\/\/www.journalducameroun.com\/\">Journal du Cameroun<\/a>.<\/p>\n<\/div>\n<p>Auteur: APA News<br \/>\n<a href=\"https:\/\/www.journalducameroun.com\/lintelligence-communautaire-et-linnovation-low-tech-sinvitent-a-la-smart-city-casablanca\/\">Cliquez ici pour lire l&rsquo;article depuis sa source.<\/a><\/p>\n","protected":false},"excerpt":{"rendered":"<p>L&rsquo;\u00e9dition 2022 du \u00ab Smart City Casablanca Symposium \u00bb, une plateforme d&rsquo;\u00e9changes et de r\u00e9flexions aura lieu les 25 et 26 mai 2022 \u00e0 Casablanca sous le th\u00e8me \u00ab L&rsquo;intelligence communautaire et l&rsquo;innovation low-tech \u00bb, ont annonc\u00e9 les organisateurs.La th\u00e9matique de cette ann\u00e9e puise son essence de la pertinence des exp\u00e9riences de r\u00e9siliences low-tech des [&hellip;]<\/p>\n","protected":false},"author":1965,"featured_media":0,"comment_status":"closed","ping_status":"closed","sticky":false,"template":"","format":"standard","meta":{"fifu_image_url":"https:\/\/www.journalducameroun.com\/wp-content\/uploads\/2022\/05\/16527358847941.jpg","fifu_image_alt":"L\u2019intelligence communautaire et l\u2019innovation low-tech s\u2019invitent \u00e0 la Smart City Casablanca","footnotes":""},"categories":[73,82],"tags":[],"class_list":["post-147860","post","type-post","status-publish","format-standard","hentry","category-actualite","category-cameroun"],"_links":{"self":[{"href":"https:\/\/linitiative.ca\/International\/wp-json\/wp\/v2\/posts\/147860","targetHints":{"allow":["GET"]}}],"collection":[{"href":"https:\/\/linitiative.ca\/International\/wp-json\/wp\/v2\/posts"}],"about":[{"href":"https:\/\/linitiative.ca\/International\/wp-json\/wp\/v2\/types\/post"}],"author":[{"embeddable":true,"href":"https:\/\/linitiative.ca\/International\/wp-json\/wp\/v2\/users\/1965"}],"replies":[{"embeddable":true,"href":"https:\/\/linitiative.ca\/International\/wp-json\/wp\/v2\/comments?post=147860"}],"version-history":[{"count":0,"href":"https:\/\/linitiative.ca\/International\/wp-json\/wp\/v2\/posts\/147860\/revisions"}],"wp:attachment":[{"href":"https:\/\/linitiative.ca\/International\/wp-json\/wp\/v2\/media?parent=147860"}],"wp:term":[{"taxonomy":"category","embeddable":true,"href":"https:\/\/linitiative.ca\/International\/wp-json\/wp\/v2\/categories?post=147860"},{"taxonomy":"post_tag","embeddable":true,"href":"https:\/\/linitiative.ca\/International\/wp-json\/wp\/v2\/tags?post=147860"}],"curies":[{"name":"wp","href":"https:\/\/api.w.org\/{rel}","templated":true}]}}