{"id":147863,"date":"2022-05-16T09:57:48","date_gmt":"2022-05-16T13:57:48","guid":{"rendered":"https:\/\/linitiative.ca\/International\/le-camerounais-albert-zeufack-est-le-nouveau-directeur-pays-de-la-banque-mondiale-pour-langola-la-rdc-le-burundi-sao-tome-principe\/"},"modified":"2022-05-16T09:57:48","modified_gmt":"2022-05-16T13:57:48","slug":"le-camerounais-albert-zeufack-est-le-nouveau-directeur-pays-de-la-banque-mondiale-pour-langola-la-rdc-le-burundi-sao-tome-principe","status":"publish","type":"post","link":"https:\/\/linitiative.ca\/International\/le-camerounais-albert-zeufack-est-le-nouveau-directeur-pays-de-la-banque-mondiale-pour-langola-la-rdc-le-burundi-sao-tome-principe\/","title":{"rendered":"Le camerounais Albert Zeufack est le nouveau directeur pays de la Banque Mondiale pour l\u2019Angola, la RDC, le Burundi,\u00a0Sao Tom\u00e9 &amp; Principe"},"content":{"rendered":"<div>\n<p>Le nouveau directeur pays de la Banque mondiale pour l\u2019Angola, la RDC, le Burundi, Sao Tom\u00e9 &amp; Principe est un Camerounais. Dans une note interne, l\u2019institution de Bretton Woods annonce qu\u2019elle vient de nommer \u00e0 ce poste l\u2019\u00e9conomiste Albert Zeufack. Il remplace \u00e0 cette fonction le fran\u00e7ais Jean-Christophe Carret. D\u2019apr\u00e8s le manifeste publi\u00e9 par la banque mondiale, le nouveau directeur prendra officiellement fonction en juillet prochain.\u00a0D\u2019apr\u00e8s le magazine Croissance Economique, Albert Zeufack va piloter un portefeuille de la Banque mondiale qui s\u2019\u00e9paissit au fil des ann\u00e9es. C\u2019est notamment le cas en RDC, o\u00f9 les engagements de cette institution financi\u00e8re internationale sont rapidement pass\u00e9s de 500\u00a0millions \u00e0 pr\u00e8s de 2\u00a0milliards de dollars US ces derni\u00e8res ann\u00e9es, en raison d\u2019importants projets d\u2019infrastructures routi\u00e8res et \u00e9nerg\u00e9tiques en cours dans le pays, pr\u00e9cise le m\u00e9dia panafricain.<\/p>\n<p><strong>Lire aussi : <a href=\"https:\/\/ecomatin.net\/la-banque-mondiale-debloque-62-milliards-de-f-pour-lutter-r-contre-linsecurite-alimentaire-au-cameroun\/\">La Banque mondiale d\u00e9bloque 62 milliards de F pour lutter contre l\u2019ins\u00e9curit\u00e9 alimentaire au Cameroun<\/a><\/strong><\/p>\n<p>\u00a0Cette nomination sonne comme une nouvelle marque de reconnaissance pour Albert Zeufack, lui qui conna\u00eet pratiquement tous les rouages de cette institution financi\u00e8re.\u00a0L\u2019\u00e9conomiste camerounais est entr\u00e9 \u00e0 la Banque mondiale en janvier 1997. Il avait alors \u00e9t\u00e9 imm\u00e9diatement affect\u00e9 au D\u00e9partement consacr\u00e9 \u00e0 la recherche, plus pr\u00e9cis\u00e9ment \u00e0\u00a0la division de la macro\u00e9conomie.\u00a0Il a ensuite occup\u00e9 plusieurs postes en Afrique, en Asie de l\u2019Est et Pacifique, en Europe et en Asie centrale. Toutefois,\u00a0entre 2008 et 2012, il a d\u00fb prendre une mise en disponibilit\u00e9 pour travailler en qualit\u00e9 d\u2019\u00e9conomiste en chef et de directeur de la recherche et de la strat\u00e9gie pour Khazanah Nasional Berhad, un fonds souverain bas\u00e9 \u00e0 Kuala Lumpur, en Malaisie.\u00a0 Avant sa r\u00e9cente nomination, il occupait depuis mai 2016, les fonctions d\u2019\u00e9conomiste en chef pour la r\u00e9gion Afrique de cette institution de Bretton Woods.<\/p>\n<p><strong>Lire aussi : <a href=\"https:\/\/ecomatin.net\/marche-financier-la-cosumaf-rejoint-le-reseau-banque-et-finance-durables-de-la-banque-mondiale\/\">March\u00e9 financier : la Cosumaf rejoint le r\u00e9seau banque et finance durables de la Banque mondiale<\/a><\/strong><\/p>\n<p>Titulaire d\u2019un DEA en analyse et politiques \u00e9conomiques obtenu \u00e0 l\u2019Universit\u00e9 de Yaound\u00e9, Albert Zeufack a \u00e9galement obtenu en 2016 un doctorat en \u00e9conomie de\u00a0l\u2019Universit\u00e9 de Clermont-Ferrand. Il a ensuite offici\u00e9 en tant qu\u2019enseignant d\u2019\u00e9conomie et d\u2019\u00e9conom\u00e9trie appliqu\u00e9e\u00a0dans cette institution universitaire fran\u00e7aise, avant de rejoindre la Banque mondiale.<\/p>\n<p>L\u2019article <a rel=\"nofollow\" href=\"https:\/\/ecomatin.net\/le-camerounais-albert-zeufack-est-le-nouveau-directeur-pays-de-la-banque-mondiale-pour-langola-la-rdc-le-burundi-sao-tome-principe\/\">Le camerounais Albert Zeufack est le nouveau directeur pays de la Banque Mondiale pour l\u2019Angola, la RDC, le Burundi,\u00a0Sao Tom\u00e9 &amp; Principe<\/a> est apparu en premier sur <a rel=\"nofollow\" href=\"https:\/\/ecomatin.net\/\">EcoMatin<\/a>.<\/p>\n<\/div>\n<p>Auteur: Paul Tjeg<br \/>\n<a href=\"https:\/\/ecomatin.net\/le-camerounais-albert-zeufack-est-le-nouveau-directeur-pays-de-la-banque-mondiale-pour-langola-la-rdc-le-burundi-sao-tome-principe\/\">Cliquez ici pour lire l&rsquo;article depuis sa source.<\/a><\/p>\n","protected":false},"excerpt":{"rendered":"<p>Le nouveau directeur pays de la Banque mondiale pour l\u2019Angola, la RDC, le Burundi, Sao Tom\u00e9 &amp; Principe est un Camerounais. Dans une note interne, l\u2019institution de Bretton Woods annonce qu\u2019elle vient de nommer \u00e0 ce poste l\u2019\u00e9conomiste Albert Zeufack. Il remplace \u00e0 cette fonction le fran\u00e7ais Jean-Christophe Carret. D\u2019apr\u00e8s le manifeste publi\u00e9 par la [&hellip;]<\/p>\n","protected":false},"author":1969,"featured_media":0,"comment_status":"closed","ping_status":"closed","sticky":false,"template":"","format":"standard","meta":{"fifu_image_url":"","fifu_image_alt":"","footnotes":""},"categories":[82,78],"tags":[],"class_list":["post-147863","post","type-post","status-publish","format-standard","hentry","category-cameroun","category-economie"],"_links":{"self":[{"href":"https:\/\/linitiative.ca\/International\/wp-json\/wp\/v2\/posts\/147863","targetHints":{"allow":["GET"]}}],"collection":[{"href":"https:\/\/linitiative.ca\/International\/wp-json\/wp\/v2\/posts"}],"about":[{"href":"https:\/\/linitiative.ca\/International\/wp-json\/wp\/v2\/types\/post"}],"author":[{"embeddable":true,"href":"https:\/\/linitiative.ca\/International\/wp-json\/wp\/v2\/users\/1969"}],"replies":[{"embeddable":true,"href":"https:\/\/linitiative.ca\/International\/wp-json\/wp\/v2\/comments?post=147863"}],"version-history":[{"count":0,"href":"https:\/\/linitiative.ca\/International\/wp-json\/wp\/v2\/posts\/147863\/revisions"}],"wp:attachment":[{"href":"https:\/\/linitiative.ca\/International\/wp-json\/wp\/v2\/media?parent=147863"}],"wp:term":[{"taxonomy":"category","embeddable":true,"href":"https:\/\/linitiative.ca\/International\/wp-json\/wp\/v2\/categories?post=147863"},{"taxonomy":"post_tag","embeddable":true,"href":"https:\/\/linitiative.ca\/International\/wp-json\/wp\/v2\/tags?post=147863"}],"curies":[{"name":"wp","href":"https:\/\/api.w.org\/{rel}","templated":true}]}}