{"id":147866,"date":"2022-05-16T10:32:20","date_gmt":"2022-05-16T14:32:20","guid":{"rendered":"https:\/\/linitiative.ca\/International\/le-directeur-general-adjoint-de-loapi-revoque-par-le-conseil-dadministration\/"},"modified":"2022-05-16T10:32:20","modified_gmt":"2022-05-16T14:32:20","slug":"le-directeur-general-adjoint-de-loapi-revoque-par-le-conseil-dadministration","status":"publish","type":"post","link":"https:\/\/linitiative.ca\/International\/le-directeur-general-adjoint-de-loapi-revoque-par-le-conseil-dadministration\/","title":{"rendered":"Le directeur g\u00e9n\u00e9ral adjoint de l\u2019Oapi r\u00e9voqu\u00e9 par le conseil d\u2019administration"},"content":{"rendered":"<div>\n<p>Wago Jean-Baptiste No\u00ebl ne fait plus parti des effectifs de l\u2019Organisation Africaine de la Propri\u00e9t\u00e9 Intellectuelle (OAPI).\u00a0Ainsi en a d\u00e9cid\u00e9 le conseil d\u2019administration de l\u2019institution r\u00e9uni le 13 mai\u00a0dernier \u00e0 Ouagadougou au Burkina Faso. Le communiqu\u00e9 final consult\u00e9 par EcoMatin ne pr\u00e9cise pas les raisons du limogeage de celui qui occupe depuis 5 ans les fonctions de directeur g\u00e9n\u00e9ral adjoint de l\u2019institution continentale.\u00a0 La r\u00e9vocation de Wago Jean-Baptise a pris effet d\u00e8s effet de la signature et le conseil a \u00ab\u00a0autoris\u00e9 le lancement de la proc\u00e9dure de recrutement d\u2019un nouveau directeur g\u00e9n\u00e9ral adjoint\u00a0\u00bb, explique le communiqu\u00e9.<\/p>\n<p><strong>Lire aussi : <a href=\"https:\/\/ecomatin.net\/crise-a-loapi-le-comite-ad-hoc-parle-dune-guerre-de-positionnement\/\" target=\"_blank\" rel=\"noreferrer noopener\">Crise \u00e0 l\u2019Oapi : le comit\u00e9 ad hoc parle d\u2019une guerre de positionnement<\/a><\/strong><\/p>\n<p>De nationalit\u00e9 centrafricaine, Wago Jean-Baptise \u00e9tait directeur g\u00e9n\u00e9ral adjoint de l\u2019Organisation africaine de la propri\u00e9t\u00e9 intellectuelle depuis le 1er ao\u00fbt 2017. Il\u00a0a m\u00eame occup\u00e9, par int\u00e9rim, le poste de DG en octobre 2021. Recrut\u00e9 au sein de l\u2019institution en janvier 2010, il a travaill\u00e9 au d\u00e9partement de l\u2019Assistance Technique et du D\u00e9veloppement \u00e9conomique (DAT) comme chef de service d\u2019Appui aux PME et \u00e0 la recherche Scientifique (SAP) et Au Cabinet du Directeur g\u00e9n\u00e9ral comme Directeur de cabinet, ayant sous sa direction certains services notamment le Guichet unique des op\u00e9rations de d\u00e9p\u00f4ts, le projet des indications g\u00e9ographiques, les Services de la Communication, des Relations publiques et de l\u2019Informatique (SCRI).<\/p>\n<p><strong>Lire aussi : <a href=\"https:\/\/ecomatin.net\/gabriel-dodo-ndoke-vole-au-secours-du-dg-de-loapi-suspendu-de-ses-fonctions\/\" target=\"_blank\" rel=\"noreferrer noopener\">Gabriel Dodo Ndok\u00e9 vole au secours du DG de l\u2019OAPI suspendu de ses fonctions<\/a><\/strong><\/p>\n<p>Il est titulaire d\u2019un dipl\u00f4me d\u2019Etudes Sup\u00e9rieures en Economie et en Douanes. Titulaire aussi d\u2019un Master II en propri\u00e9t\u00e9 intellectuelle, ses travaux de recherches en \u00e9conomie, \u00e0 la Facult\u00e9 des Sciences Economiques et de Gestion \u00e0 l\u2019universit\u00e9 de Strasbourg, portent sur les indications g\u00e9ographiques.<\/p>\n<p><strong>Lire aussi : <a href=\"https:\/\/ecomatin.net\/denis-bohoussou-retabli-dans-ses-fonctions-de-directeur-general-de-loapi-21\/\" target=\"_blank\" rel=\"noreferrer noopener\">Denis Bohoussou r\u00e9tabli dans ses fonctions de Directeur g\u00e9n\u00e9ral de l\u2019Oapi<\/a><\/strong><\/p>\n<p>L\u2019article <a rel=\"nofollow\" href=\"https:\/\/ecomatin.net\/le-directeur-general-adjoint-de-loapi-revoque-par-le-conseil-dadministration\/\">Le directeur g\u00e9n\u00e9ral adjoint de l\u2019Oapi r\u00e9voqu\u00e9 par le conseil d\u2019administration<\/a> est apparu en premier sur <a rel=\"nofollow\" href=\"https:\/\/ecomatin.net\/\">EcoMatin<\/a>.<\/p>\n<\/div>\n<p>Auteur: Amina MALLOUM<br \/>\n<a href=\"https:\/\/ecomatin.net\/le-directeur-general-adjoint-de-loapi-revoque-par-le-conseil-dadministration\/\">Cliquez ici pour lire l&rsquo;article depuis sa source.<\/a><\/p>\n","protected":false},"excerpt":{"rendered":"<p>Wago Jean-Baptiste No\u00ebl ne fait plus parti des effectifs de l\u2019Organisation Africaine de la Propri\u00e9t\u00e9 Intellectuelle (OAPI).\u00a0Ainsi en a d\u00e9cid\u00e9 le conseil d\u2019administration de l\u2019institution r\u00e9uni le 13 mai\u00a0dernier \u00e0 Ouagadougou au Burkina Faso. Le communiqu\u00e9 final consult\u00e9 par EcoMatin ne pr\u00e9cise pas les raisons du limogeage de celui qui occupe depuis 5 ans les [&hellip;]<\/p>\n","protected":false},"author":1969,"featured_media":0,"comment_status":"closed","ping_status":"closed","sticky":false,"template":"","format":"standard","meta":{"fifu_image_url":"","fifu_image_alt":"","footnotes":""},"categories":[82,78],"tags":[],"class_list":["post-147866","post","type-post","status-publish","format-standard","hentry","category-cameroun","category-economie"],"_links":{"self":[{"href":"https:\/\/linitiative.ca\/International\/wp-json\/wp\/v2\/posts\/147866","targetHints":{"allow":["GET"]}}],"collection":[{"href":"https:\/\/linitiative.ca\/International\/wp-json\/wp\/v2\/posts"}],"about":[{"href":"https:\/\/linitiative.ca\/International\/wp-json\/wp\/v2\/types\/post"}],"author":[{"embeddable":true,"href":"https:\/\/linitiative.ca\/International\/wp-json\/wp\/v2\/users\/1969"}],"replies":[{"embeddable":true,"href":"https:\/\/linitiative.ca\/International\/wp-json\/wp\/v2\/comments?post=147866"}],"version-history":[{"count":0,"href":"https:\/\/linitiative.ca\/International\/wp-json\/wp\/v2\/posts\/147866\/revisions"}],"wp:attachment":[{"href":"https:\/\/linitiative.ca\/International\/wp-json\/wp\/v2\/media?parent=147866"}],"wp:term":[{"taxonomy":"category","embeddable":true,"href":"https:\/\/linitiative.ca\/International\/wp-json\/wp\/v2\/categories?post=147866"},{"taxonomy":"post_tag","embeddable":true,"href":"https:\/\/linitiative.ca\/International\/wp-json\/wp\/v2\/tags?post=147866"}],"curies":[{"name":"wp","href":"https:\/\/api.w.org\/{rel}","templated":true}]}}