{"id":147867,"date":"2022-05-16T12:33:48","date_gmt":"2022-05-16T16:33:48","guid":{"rendered":"https:\/\/linitiative.ca\/International\/energie-electrique-le-gouvernement-va-accompagner-eneo-dans-son-plan-dinvestissement\/"},"modified":"2022-05-16T12:33:48","modified_gmt":"2022-05-16T16:33:48","slug":"energie-electrique-le-gouvernement-va-accompagner-eneo-dans-son-plan-dinvestissement","status":"publish","type":"post","link":"https:\/\/linitiative.ca\/International\/energie-electrique-le-gouvernement-va-accompagner-eneo-dans-son-plan-dinvestissement\/","title":{"rendered":"Energie \u00e9lectrique\u00a0:\u00a0le gouvernement va accompagner Eneo dans son plan d\u2019investissement"},"content":{"rendered":"<div>\n<p>Les questions \u00e9nerg\u00e9tiques \u00e9taient au c\u0153ur de l\u2019audience qu\u2019a accord\u00e9e le ministre de l\u2019Economie, de planification et de l\u2019am\u00e9nagement du territoire (Minepat), Alamine Ousmane Mey, \u00e0 une d\u00e9l\u00e9gation d\u2019Energy of Cameroon (Eneo), conduite par son nouveau Directeur g\u00e9n\u00e9ral Patrick Eecklers.<\/p>\n<p>La rencontre du 12 mai 20222, a permis de faire un \u00e9tat des lieux du secteur \u00e9nerg\u00e9tique dans lequel Eneo se positionne dans les secteurs de la production, de la distribution et de la vente de l\u2019\u00e9nergie \u00e9lectrique. Pour renforcer d\u2019avantage sa pr\u00e9sence sur ces pans d\u2019activit\u00e9, l\u2019entreprise envisage sur la p\u00e9riode 2021-2031 mettre sur pied un plan d\u2019investissement d\u2019une enveloppe de 600 millions d\u2019euros, soit pr\u00e8s de 393,574 milliards de Fcfa. Ceci dans l\u2019optique de r\u00e9soudre les soucis auxquels l\u2019entreprise est confront\u00e9e mais aussi am\u00e9liorer l\u2019offre \u00e9nerg\u00e9tique sur le territoire national. Relevons par ailleurs que dans le cadre de ce\u00a0plan d\u2019investissement pour le compte de l\u2019ann\u00e9e 2022, Eneo envisage retourner sur le march\u00e9 financier, pour tenter de lever 210 milliards, aupr\u00e8s de la Soci\u00e9t\u00e9 financi\u00e8re internationale (SFI) filiale de la Banque mondiale d\u00e9di\u00e9e au financement du secteur priv\u00e9.<\/p>\n<p><strong>Lire aussi : <a href=\"https:\/\/ecomatin.net\/eneo-cherche-210-milliards-de-fcfa-pour-poursuivre-son-programme-dinvestissements\/\" target=\"_blank\" rel=\"noreferrer noopener\">Eneo cherche 210 milliards de FCFA pour poursuivre son programme d\u2019investissements<\/a><\/strong><\/p>\n<p>La d\u00e9marche entreprise par Eneo, trouve un \u00e9cho favorable aupr\u00e8s du gouvernement Camerounais, qui s\u2019est fix\u00e9 pour objectif \u00e0 l\u2019horizon 2030 de porter l\u2019offre \u00e9nerg\u00e9tique du Cameroun \u00e0 5 000 MW. Dans cette logique \u00ab le Ministre de l\u2019Economie a r\u00e9it\u00e9r\u00e9 la bonne disposition du gouvernement \u00e0 soutenir ENEO dans le cadre du financement de son programme d\u2019investissement, au regard de la n\u00e9cessit\u00e9 de disposer d\u2019une offre d\u2019\u00e9nergie suffisante et de qualit\u00e9 pour la mise en place du vaste programme d\u2019industrialisation du pays pr\u00e9vu dans la SND 30 \u00bb, renseigne les services du Minepat. Mais cela n\u00e9cessite des pr\u00e9alables, dont l\u2019assainissement du secteur de l\u2019\u00e9nergie. \u00abUne bonne coordination entre les acteurs et des investissements massifs permettra certainement de r\u00e9duire cette tension permanente entre l\u2019offre et la demande (\u2026) Seul l\u2019assainissement durable des finances du secteur de l\u2019\u00e9nergie permettra le retour de la confiance des investisseurs et la lev\u00e9e des fonds n\u00e9cessaires \u00e0 ces investissements \u00bb, avait affirm\u00e9 Eric Mansuy, ancien Directeur d\u2019Eneo, lors d\u2019une r\u00e9union avec le personnel en 2020.<\/p>\n<p><strong>Lire aussi : <a href=\"https:\/\/ecomatin.net\/secteur-de-lelectricite-les-defis-qui-attendent-patrick-eecklers-le-nouveau-dg-deneo\/\" target=\"_blank\" rel=\"noreferrer noopener\">Secteur de l\u2019\u00e9lectricit\u00e9 : les d\u00e9fis qui attendent Patrick Eecklers, le nouveau DG d\u2019Eneo<\/a><\/strong><\/p>\n<p>En outre l\u2019on pourrait aussi ajouter dans le processus de modernisation du secteur de l\u2019\u00e9nergie au Cameroun, les multiples incitations visant \u00e0 attirer les investissements dans le secteur. Il s\u2019agit entre autres des facilit\u00e9s douani\u00e8res qui pourraient \u00eatre accord\u00e9es \u00e0 cette entreprise dans le cadre de la mise en place de son programme d\u2019investissement dans le domaine des \u00e9nergies renouvelables ; les initiatives envisag\u00e9es avec le Groupe de la Banque mondiale, notamment la bonne disponibilit\u00e9 de cette derni\u00e8re \u00e0 mettre en place un programme bas\u00e9 sur la performance (P4R), dont les financements sous forme d\u2019appuis budg\u00e9taires sont adoss\u00e9s \u00e0 la mise en \u0153uvre des r\u00e9formes pr\u00e9-identifi\u00e9es dans les diff\u00e9rents segments de l\u2019offre (production, transport et distribution).<\/p>\n<p><strong>Lire aussi : <a href=\"https:\/\/ecomatin.net\/marche-monetaire-le-cameroun-n-boucle-la-titrisation-n-dune-dette-de-157-milliards-due-a-eneo\/\" target=\"_blank\" rel=\"noreferrer noopener\">March\u00e9 mon\u00e9taire\u00a0: le Cameroun boucle la titrisation d\u2019une dette de 157 milliards due \u00e0 Eneo<\/a><\/strong><\/p>\n<p>L\u2019article <a rel=\"nofollow\" href=\"https:\/\/ecomatin.net\/energie-electrique-le-gouvernement-va-accompagner-eneo-dans-son-plan-dinvestissement\/\">Energie \u00e9lectrique\u00a0:\u00a0le gouvernement va accompagner Eneo dans son plan d\u2019investissement<\/a> est apparu en premier sur <a rel=\"nofollow\" href=\"https:\/\/ecomatin.net\/\">EcoMatin<\/a>.<\/p>\n<\/div>\n<p>Auteur: Cindy MBALA<br \/>\n<a href=\"https:\/\/ecomatin.net\/energie-electrique-le-gouvernement-va-accompagner-eneo-dans-son-plan-dinvestissement\/\">Cliquez ici pour lire l&rsquo;article depuis sa source.<\/a><\/p>\n","protected":false},"excerpt":{"rendered":"<p>Les questions \u00e9nerg\u00e9tiques \u00e9taient au c\u0153ur de l\u2019audience qu\u2019a accord\u00e9e le ministre de l\u2019Economie, de planification et de l\u2019am\u00e9nagement du territoire (Minepat), Alamine Ousmane Mey, \u00e0 une d\u00e9l\u00e9gation d\u2019Energy of Cameroon (Eneo), conduite par son nouveau Directeur g\u00e9n\u00e9ral Patrick Eecklers. La rencontre du 12 mai 20222, a permis de faire un \u00e9tat des lieux du [&hellip;]<\/p>\n","protected":false},"author":1969,"featured_media":0,"comment_status":"closed","ping_status":"closed","sticky":false,"template":"","format":"standard","meta":{"fifu_image_url":"","fifu_image_alt":"","footnotes":""},"categories":[82,78],"tags":[],"class_list":["post-147867","post","type-post","status-publish","format-standard","hentry","category-cameroun","category-economie"],"_links":{"self":[{"href":"https:\/\/linitiative.ca\/International\/wp-json\/wp\/v2\/posts\/147867","targetHints":{"allow":["GET"]}}],"collection":[{"href":"https:\/\/linitiative.ca\/International\/wp-json\/wp\/v2\/posts"}],"about":[{"href":"https:\/\/linitiative.ca\/International\/wp-json\/wp\/v2\/types\/post"}],"author":[{"embeddable":true,"href":"https:\/\/linitiative.ca\/International\/wp-json\/wp\/v2\/users\/1969"}],"replies":[{"embeddable":true,"href":"https:\/\/linitiative.ca\/International\/wp-json\/wp\/v2\/comments?post=147867"}],"version-history":[{"count":0,"href":"https:\/\/linitiative.ca\/International\/wp-json\/wp\/v2\/posts\/147867\/revisions"}],"wp:attachment":[{"href":"https:\/\/linitiative.ca\/International\/wp-json\/wp\/v2\/media?parent=147867"}],"wp:term":[{"taxonomy":"category","embeddable":true,"href":"https:\/\/linitiative.ca\/International\/wp-json\/wp\/v2\/categories?post=147867"},{"taxonomy":"post_tag","embeddable":true,"href":"https:\/\/linitiative.ca\/International\/wp-json\/wp\/v2\/tags?post=147867"}],"curies":[{"name":"wp","href":"https:\/\/api.w.org\/{rel}","templated":true}]}}