{"id":147868,"date":"2022-05-17T07:00:28","date_gmt":"2022-05-17T11:00:28","guid":{"rendered":"https:\/\/linitiative.ca\/International\/crt-dagadir-souss-massa-rachid-dahmaz-ne-briguera-pas-un-second-mandat\/"},"modified":"2022-05-17T07:00:28","modified_gmt":"2022-05-17T11:00:28","slug":"crt-dagadir-souss-massa-rachid-dahmaz-ne-briguera-pas-un-second-mandat","status":"publish","type":"post","link":"https:\/\/linitiative.ca\/International\/crt-dagadir-souss-massa-rachid-dahmaz-ne-briguera-pas-un-second-mandat\/","title":{"rendered":"CRT d\u2019Agadir Souss Massa : Rachid Dahmaz ne briguera pas un  second mandat"},"content":{"rendered":"<div>\n<p><img decoding=\"async\" width=\"300\" height=\"153\" src=\"https:\/\/linitiative.ca\/International\/wp-content\/uploads\/sites\/23\/2022\/05\/Rachid-Dahmaz-CRT-dAgadir-Souss-Massa-1-300x153-1.jpg\" class=\"attachment-medium size-medium wp-post-image\" alt=\"\" loading=\"lazy\" srcset=\"https:\/\/linitiative.ca\/International\/wp-content\/uploads\/sites\/23\/2022\/05\/Rachid-Dahmaz-CRT-dAgadir-Souss-Massa-1-300x153-1.jpg 300w, https:\/\/aujourdhui.ma\/wp-content\/uploads\/2022\/05\/Rachid-Dahmaz-CRT-dAgadir-Souss-Massa-1-274x140.jpg 274w, https:\/\/aujourdhui.ma\/wp-content\/uploads\/2022\/05\/Rachid-Dahmaz-CRT-dAgadir-Souss-Massa-1.jpg 746w, https:\/\/aujourdhui.ma\/wp-content\/uploads\/2022\/05\/Rachid-Dahmaz-CRT-dAgadir-Souss-Massa-1-165x84.jpg 165w, https:\/\/aujourdhui.ma\/wp-content\/uploads\/2022\/05\/Rachid-Dahmaz-CRT-dAgadir-Souss-Massa-1-702x358.jpg 702w\" sizes=\"auto, (max-width: 300px) 100vw, 300px\"><\/p>\n<p><span style=\"font-size: 20px; color: #800000;\"><strong>En 2020, ann\u00e9e de Covid-19 et de confinement, plus de 2.000 heures de r\u00e9unions \u00e0 distance \u00e9taient au compteur du CRT, ainsi que plus de 400 heures pour 2021.<\/strong> <\/span><span id=\"more-407967\"><\/span><\/p>\n<p>C\u2019est officiel. Rachid Dahmaz qui dirige le Conseil r\u00e9gional du tourisme d\u2019Agadir Souss Massa depuis janvier 2019, succ\u00e9dant \u00e0 Guy Marrache, a annonc\u00e9 son d\u00e9part imminent apr\u00e8s la fin de son mandat de quatre ans, et qui a co\u00efncid\u00e9 avec une p\u00e9riode difficile marqu\u00e9e notamment par la Covid-19 qui a compl\u00e9tement paralys\u00e9 l\u2019activit\u00e9 touristique au niveau de la deuxi\u00e8me destination touristique du Royaume. L\u2019annonce a \u00e9t\u00e9 faite par celui-ci vendredi lors d\u2019une rencontre tenue \u00e0 Agadir pour pr\u00e9senter les r\u00e9alisations de cette institution qui regroupe les acteurs du tourisme au niveau d\u2019Agadir.<\/p>\n<p>En attendant la prochaine assembl\u00e9e g\u00e9n\u00e9rale \u00e9lective, le CRT d\u2019Agadir Souss Massa a effectivement organis\u00e9 r\u00e9cemment une rencontre sous le th\u00e8me \u00abPr\u00e9sentation des r\u00e9alisations et perspectives du Conseil r\u00e9gional du tourisme d\u2019Agadir Souss Massa\u00bb, marqu\u00e9e par la pr\u00e9sentation du r\u00f4le du CRT, ses missions et des 4 grands axes du Plan d\u2019action \u2013 PAPA (Promotion- A\u00e9rien-Produit-Animation), ainsi que les r\u00e9alisations du CRT 2019-2022.<\/p>\n<p>En effet, lors de cette rencontre, M. Dahmaz a pr\u00e9sent\u00e9 le bilan des actions lanc\u00e9es annuellement par le CRT d\u2019Agadir en partenariat avec ses associ\u00e9s privil\u00e9gi\u00e9s et qui sont le Conseil communal d\u2019Agadir, le Conseil r\u00e9gional du Souss-Massa, le Conseil pr\u00e9fectoral d\u2019Agadir Ida Outanane, et l\u2019Officie national marocain du tourisme (ONMT). Ainsi selon M. Dahmaz, le CRT s\u2019est attaqu\u00e9 \u00e0 la promotion de la destination de Souss-Massa afin de faire conna\u00eetre les atouts de cette r\u00e9gion de r\u00eave \u00e0 travers quatre volets d\u2019action, qui ont port\u00e9 sur les campagnes de communication au niveau du march\u00e9 national et international, les r\u00e9seaux de vente, la participation aux salons et foires internationaux, et la strat\u00e9gie digitale.<\/p>\n<p>Ainsi en 2020, ann\u00e9e de Covid-19 et de confinement, plus de 2.000 heures de r\u00e9unions \u00e0 distance \u00e9taient au compteur du CRT, ainsi que plus de 400 heures pour 2021. Ce dernier a \u00e9galement initi\u00e9 le programme de formation au profit du personnel des h\u00f4tels, et une prospection de l\u2019\u00e9quipe \u00abCampus France\u00bb juste avant la Covid-19.<br \/>\nPour ce qui est de l\u2019investissement touristique, le CRT a organis\u00e9 un atelier portant sur la r\u00e9flexion strat\u00e9gique sous le th\u00e8me \u00abPromotion de l\u2019investissement touristique et probl\u00e9matique du foncier\u00bb. A cela s\u2019ajoute l\u2019organisation des voyages de presse et au profit des \u00e9ductours, ainsi qu\u2019une s\u00e9rie de workshops et la participation au Salon du tourisme de Tel-Aviv en mars dernier.<\/p>\n<p>Par ailleurs, le CRT a accueilli \u00e0 Agadir les top managers du Congr\u00e8s des agences de voyages allemands qui r\u00e9unira du 1er au 4 d\u00e9cembre \u00e0 Taghazout plus de 500 agents de voyages, grands tour-op\u00e9rateurs, et compagnies a\u00e9riennes.<br \/>\nPour rappel, \u00e0 ce jour Khalil Tizniti, pr\u00e9sident de Decameron Maroc et propri\u00e9taire de l\u2019h\u00f4tel Tafoukt, est le seul candidat en lice pour pr\u00e9sider le CRT, et qui a d\u00e9j\u00e0 organis\u00e9 r\u00e9cemment \u00e0 Agadir un meeting \u00e9lectoral en pr\u00e9sence de 70 professionnels locaux pour appuyer sa candidature \u00e0 la t\u00eate de cette institution.<\/p>\n<\/div>\n<p>Auteur: Mohamed Laabid<br \/>\n<a href=\"https:\/\/aujourdhui.ma\/economie\/crt-dagadir-souss-massa-rachid-dahmaz-ne-briguera-pas-un-second-mandat\">Cliquez ici pour lire l&rsquo;article depuis sa source.<\/a><\/p>\n","protected":false},"excerpt":{"rendered":"<p>En 2020, ann\u00e9e de Covid-19 et de confinement, plus de 2.000 heures de r\u00e9unions \u00e0 distance \u00e9taient au compteur du CRT, ainsi que plus de 400 heures pour 2021. C\u2019est officiel. Rachid Dahmaz qui dirige le Conseil r\u00e9gional du tourisme d\u2019Agadir Souss Massa depuis janvier 2019, succ\u00e9dant \u00e0 Guy Marrache, a annonc\u00e9 son d\u00e9part imminent [&hellip;]<\/p>\n","protected":false},"author":1759,"featured_media":0,"comment_status":"closed","ping_status":"closed","sticky":false,"template":"","format":"standard","meta":{"fifu_image_url":"https:\/\/aujourdhui.ma\/wp-content\/uploads\/2022\/05\/Rachid-Dahmaz-CRT-dAgadir-Souss-Massa-1-300x153.jpg","fifu_image_alt":"CRT d\u2019Agadir Souss Massa : Rachid Dahmaz ne briguera pas un  second mandat","footnotes":""},"categories":[73,54],"tags":[],"class_list":["post-147868","post","type-post","status-publish","format-standard","hentry","category-actualite","category-maroc"],"_links":{"self":[{"href":"https:\/\/linitiative.ca\/International\/wp-json\/wp\/v2\/posts\/147868","targetHints":{"allow":["GET"]}}],"collection":[{"href":"https:\/\/linitiative.ca\/International\/wp-json\/wp\/v2\/posts"}],"about":[{"href":"https:\/\/linitiative.ca\/International\/wp-json\/wp\/v2\/types\/post"}],"author":[{"embeddable":true,"href":"https:\/\/linitiative.ca\/International\/wp-json\/wp\/v2\/users\/1759"}],"replies":[{"embeddable":true,"href":"https:\/\/linitiative.ca\/International\/wp-json\/wp\/v2\/comments?post=147868"}],"version-history":[{"count":0,"href":"https:\/\/linitiative.ca\/International\/wp-json\/wp\/v2\/posts\/147868\/revisions"}],"wp:attachment":[{"href":"https:\/\/linitiative.ca\/International\/wp-json\/wp\/v2\/media?parent=147868"}],"wp:term":[{"taxonomy":"category","embeddable":true,"href":"https:\/\/linitiative.ca\/International\/wp-json\/wp\/v2\/categories?post=147868"},{"taxonomy":"post_tag","embeddable":true,"href":"https:\/\/linitiative.ca\/International\/wp-json\/wp\/v2\/tags?post=147868"}],"curies":[{"name":"wp","href":"https:\/\/api.w.org\/{rel}","templated":true}]}}