{"id":147888,"date":"2022-05-17T09:09:10","date_gmt":"2022-05-17T13:09:10","guid":{"rendered":"https:\/\/linitiative.ca\/International\/inauguration-du-siege-du-commissariat-de-circonscription-dimintanoute\/"},"modified":"2022-05-17T09:09:10","modified_gmt":"2022-05-17T13:09:10","slug":"inauguration-du-siege-du-commissariat-de-circonscription-dimintanoute","status":"publish","type":"post","link":"https:\/\/linitiative.ca\/International\/inauguration-du-siege-du-commissariat-de-circonscription-dimintanoute\/","title":{"rendered":"Inauguration du si\u00e8ge du Commissariat de circonscription d\u2019Imintanoute"},"content":{"rendered":"<div>\n<div style=\"margin-bottom:20px;\"><img loading=\"lazy\" decoding=\"async\" width=\"750\" height=\"430\" src=\"https:\/\/linitiative.ca\/International\/wp-content\/uploads\/sites\/23\/2022\/05\/Commissariat-de-circonscription-dImintanoute-copier.jpg\" class=\"attachment-post-thumbnail size-post-thumbnail wp-post-image\" alt=\"\" srcset=\"https:\/\/linitiative.ca\/International\/wp-content\/uploads\/sites\/23\/2022\/05\/Commissariat-de-circonscription-dImintanoute-copier.jpg 750w, https:\/\/www.mapmarrakech.ma\/map\/uploads\/2022\/05\/Commissariat-de-circonscription-dImintanoute-copier-300x172.jpg 300w\" sizes=\"auto, (max-width: 750px) 100vw, 750px\"><\/div>\n<p>Erig\u00e9 sur une superficie de 3.000 m2, le nouveau b\u00e2timent, qui a n\u00e9cessit\u00e9 un investissement global de l\u2019ordre de 20.000.000 DH, abrite plusieurs services, notamment l\u2019arrondissement de police, la brigade de la police judiciaire, la brigade des renseignements g\u00e9n\u00e9raux, la cellule administrative, la cellule des syst\u00e8mes d\u2019information et de communication, la cellule de l\u2019action sociale et la cellule de la documentation et de la carte d\u2019identit\u00e9.<\/p>\n<p>B\u00e2ti conform\u00e9ment aux normes internationales en vigueur, le nouveau si\u00e8ge, construit sur trois niveaux, a pour objectif de renforcer la pr\u00e9sence s\u00e9curitaire dans les diff\u00e9rents quartiers de la ville d\u2019Imintanoute et d\u2019am\u00e9liorer les conditions de travail des fonctionnaires et d\u2019accueil des usagers.<\/p>\n<p>\u00ab\u00a0Cette inauguration, qui intervient dans le cadre de la c\u00e9l\u00e9bration du 66\u00e8me anniversaire de la cr\u00e9ation de la DGSN, t\u00e9moigne de l\u2019importance accord\u00e9e par la Direction G\u00e9n\u00e9rale de la S\u00fbret\u00e9 Nationale \u00e0 hisser le syst\u00e8me policier pour qu\u2019il r\u00e9ponde aux aspirations des citoyens\u00a0\u00bb, a soulign\u00e9 le chef du Commissariat de circonscription d\u2019Imintanoute, le commissaire divisionnaire Abdelahdi Abourial, dans une d\u00e9claration \u00e0 M24, la cha\u00eene t\u00e9l\u00e9vis\u00e9e d\u2019information en continu de la MAP.<\/p>\n<p>Le nouveau si\u00e8ge, qui va contribuer \u00e0 consolider la politique de proximit\u00e9 suivie par la DGSN sur l\u2019ensemble du territoire national, vise \u00e0 assurer un service public s\u00e9curitaire de qualit\u00e9 au citoyen, la pierre angulaire dans les diff\u00e9rents programmes et des strat\u00e9gies de la DGSN, a affirm\u00e9 M. Abourial.<\/p>\n<p>Faisant savoir que cet \u00e9tablissement est dot\u00e9 des \u00e9quipements techniques avanc\u00e9s et des ressources humaines et logistiques n\u00e9cessaires afin de permettre aux diff\u00e9rents services de police d\u2019accomplir leur mission dans les meilleures conditions, le responsable s\u00e9curitaire a pass\u00e9 en relief la nouvelle strat\u00e9gie s\u00e9curitaire bas\u00e9e notamment sur le renforcement des capacit\u00e9s des fonctionnaires, l\u2019am\u00e9lioration de la qualit\u00e9 des prestations offertes au citoyen et l\u2019ouverture et la communication en vue de concr\u00e9tiser le concept de la police citoyenne, moderne et d\u00e9velopp\u00e9e, et garantir l\u2019excellence et l\u2019efficacit\u00e9 en termes de rendement.<\/p>\n<p>La c\u00e9r\u00e9monie a \u00e9t\u00e9 tenue en pr\u00e9sence notamment du gouverneur de la province de Chichaoua, M. Bouabid El Guerrab, le pr\u00e9fet de police de Marrakech, M. Said El Aloua, de responsables centraux de la DGSN, de responsables s\u00e9curitaires, militaires et judiciaires, de repr\u00e9sentants des autorit\u00e9s locales et provinciales, d\u2019\u00e9lus et de chefs de services d\u00e9centralis\u00e9s.<\/p>\n<p>The post <a rel=\"nofollow\" href=\"https:\/\/www.mapmarrakech.ma\/fr\/inauguration-du-nouveau-siege-du-commissariat-de-circonscription-dimintanoute\/\">Inauguration du si\u00e8ge du Commissariat de circonscription d\u2019Imintanoute<\/a> appeared first on <a rel=\"nofollow\" href=\"https:\/\/www.mapmarrakech.ma\/fr\">MapMarrakech<\/a>.<\/p>\n<\/div>\n<p>Auteur: Meriem IGASS<br \/>\n<a href=\"https:\/\/www.mapmarrakech.ma\/fr\/inauguration-du-nouveau-siege-du-commissariat-de-circonscription-dimintanoute\/\">Cliquez ici pour lire l&rsquo;article depuis sa source.<\/a><\/p>\n","protected":false},"excerpt":{"rendered":"<p>Erig\u00e9 sur une superficie de 3.000 m2, le nouveau b\u00e2timent, qui a n\u00e9cessit\u00e9 un investissement global de l\u2019ordre de 20.000.000 DH, abrite plusieurs services, notamment l\u2019arrondissement de police, la brigade de la police judiciaire, la brigade des renseignements g\u00e9n\u00e9raux, la cellule administrative, la cellule des syst\u00e8mes d\u2019information et de communication, la cellule de l\u2019action sociale [&hellip;]<\/p>\n","protected":false},"author":1788,"featured_media":0,"comment_status":"closed","ping_status":"closed","sticky":false,"template":"","format":"standard","meta":{"fifu_image_url":"https:\/\/www.mapmarrakech.ma\/map\/uploads\/2022\/05\/Commissariat-de-circonscription-dImintanoute-copier.jpg","fifu_image_alt":"Inauguration du si\u00e8ge du Commissariat de circonscription d\u2019Imintanoute","footnotes":""},"categories":[54,76],"tags":[],"class_list":["post-147888","post","type-post","status-publish","format-standard","hentry","category-maroc","category-regions"],"_links":{"self":[{"href":"https:\/\/linitiative.ca\/International\/wp-json\/wp\/v2\/posts\/147888","targetHints":{"allow":["GET"]}}],"collection":[{"href":"https:\/\/linitiative.ca\/International\/wp-json\/wp\/v2\/posts"}],"about":[{"href":"https:\/\/linitiative.ca\/International\/wp-json\/wp\/v2\/types\/post"}],"author":[{"embeddable":true,"href":"https:\/\/linitiative.ca\/International\/wp-json\/wp\/v2\/users\/1788"}],"replies":[{"embeddable":true,"href":"https:\/\/linitiative.ca\/International\/wp-json\/wp\/v2\/comments?post=147888"}],"version-history":[{"count":0,"href":"https:\/\/linitiative.ca\/International\/wp-json\/wp\/v2\/posts\/147888\/revisions"}],"wp:attachment":[{"href":"https:\/\/linitiative.ca\/International\/wp-json\/wp\/v2\/media?parent=147888"}],"wp:term":[{"taxonomy":"category","embeddable":true,"href":"https:\/\/linitiative.ca\/International\/wp-json\/wp\/v2\/categories?post=147888"},{"taxonomy":"post_tag","embeddable":true,"href":"https:\/\/linitiative.ca\/International\/wp-json\/wp\/v2\/tags?post=147888"}],"curies":[{"name":"wp","href":"https:\/\/api.w.org\/{rel}","templated":true}]}}