{"id":147890,"date":"2022-05-17T09:40:34","date_gmt":"2022-05-17T13:40:34","guid":{"rendered":"https:\/\/linitiative.ca\/International\/emploi-m-sekkouri-sentretient-avec-des-responsables-europeens\/"},"modified":"2022-05-17T09:40:34","modified_gmt":"2022-05-17T13:40:34","slug":"emploi-m-sekkouri-sentretient-avec-des-responsables-europeens","status":"publish","type":"post","link":"https:\/\/linitiative.ca\/International\/emploi-m-sekkouri-sentretient-avec-des-responsables-europeens\/","title":{"rendered":"Emploi: M. Sekkouri s\u2019entretient avec des responsables europ\u00e9ens"},"content":{"rendered":"<div>\n<div style=\"margin-bottom:20px;\"><img loading=\"lazy\" decoding=\"async\" width=\"750\" height=\"430\" src=\"https:\/\/linitiative.ca\/International\/wp-content\/uploads\/sites\/23\/2022\/05\/entretiens-copier.jpg\" class=\"attachment-post-thumbnail size-post-thumbnail wp-post-image\" alt=\"\" srcset=\"https:\/\/linitiative.ca\/International\/wp-content\/uploads\/sites\/23\/2022\/05\/entretiens-copier.jpg 750w, https:\/\/www.mapmarrakech.ma\/map\/uploads\/2022\/05\/entretiens-copier-300x172.jpg 300w\" sizes=\"auto, (max-width: 750px) 100vw, 750px\"><\/div>\n<p>Ces entretiens interviennent \u00e0 la veille de l\u2019ouverture des travaux de la 5\u00e8me R\u00e9union minist\u00e9rielle de l\u2019Union pour la M\u00e9diterran\u00e9e (UpM) sur l\u2019emploi et le travail, pr\u00e9vue les 17 et 18 mai courant \u00e0 Marrakech.<\/p>\n<p>Dans une d\u00e9claration \u00e0 M24, la chaine t\u00e9l\u00e9vis\u00e9e de l\u2019info en continu de la MAP, M. Chmit a indiqu\u00e9 que ces entretiens ont constitu\u00e9 une occasion pour discuter des perspectives de la coop\u00e9ration entre la Commission europ\u00e9enne et le Maroc dans les domaines de l\u2019emploi et de la formation professionnelle, saluant la politique marocaine de modernisation et de promotion de l\u2019emploi sous toutes ses formes, ciblant l\u2019insertion des jeunes dans le march\u00e9 de l\u2019emploi.<\/p>\n<p>Et M. Chmit d\u2019ajouter qu\u2019il a profit\u00e9 de cette occasion pour visiter un \u00e9tablissement d\u00e9di\u00e9 \u00e0 l\u2019insertion des jeunes en situation difficile, \u00e0 l\u2019enseignement et \u00e0 la formation en tant que questions au centre des pr\u00e9occupations des politiques europ\u00e9ennes et repr\u00e9sentant des domaines de coop\u00e9ration avec le Maroc.<\/p>\n<p>\u00ab\u00a0Il y a plusieurs questions \u00e0 partager selon de nouvelles approches vu les mutations \u00e9conomiques et aussi parce que nous faisons face \u00e0 des d\u00e9fis communs, notamment ceux relatifs aux jeunes\u00a0\u00bb, a-t-il ajout\u00e9, relevant que l\u2019insertion des jeunes dans le march\u00e9 de l\u2019emploi figure au rang des priorit\u00e9s \u00e0 travers l\u2019\u00e9laboration d\u2019une s\u00e9rie de projets concrets, b\u00e9n\u00e9ficiant du soutien de l\u2019Union europ\u00e9enne (UE).<\/p>\n<p>Dans une d\u00e9claration similaire, M. Andrea Orlando a qualifi\u00e9 ses entretiens avec M. Sekkouri de \u00ab\u00a0tr\u00e8s importants\u00a0\u00bb, relevant que cette entrevue a constitu\u00e9 une occasion pour discuter de la coop\u00e9ration dans les domaines de la formation professionnelle et l\u2019insertion des jeunes dans le march\u00e9 de l\u2019emploi dans les deux pays.<\/p>\n<p>\u00ab\u00a0Cela est de nature \u00e0 promouvoir la migration circulaire et la cr\u00e9ation de march\u00e9s communs\u00a0\u00bb, a-t-il ajout\u00e9, rappelant les relations historiques liant le Maroc et l\u2019Italie.<\/p>\n<p>Organis\u00e9e par le minist\u00e8re de l\u2019Inclusion \u00e9conomique, de la Petite Entreprise, de l\u2019Emploi et des Comp\u00e9tences, et co-pr\u00e9sid\u00e9e par la Commission europ\u00e9enne \u00e0 travers la Direction G\u00e9n\u00e9rale en charge de l\u2019Emploi et des Affaires sociales, ainsi que le minist\u00e8re du Travail du Royaume hach\u00e9mite de Jordanie, en pr\u00e9sence de l\u2019Union pour la M\u00e9diterran\u00e9e, la 5\u00e8me R\u00e9union minist\u00e9rielle de l\u2019UpM va d\u00e9battre des d\u00e9fis pressants sur le march\u00e9 du travail dans la r\u00e9gion euro-m\u00e9diterran\u00e9enne, en particulier sur la mani\u00e8re d\u2019assurer \u00e0 tous, surtout aux plus vuln\u00e9rables, une reprise inclusive, verte, num\u00e9rique et durable.<\/p>\n<p>La conf\u00e9rence permettra de pr\u00e9senter l\u2019ambition derri\u00e8re la strat\u00e9gie jeunesse de l\u2019UpM, consistant \u00e0 se concentrer sur les initiatives r\u00e9gionales pour l\u2019employabilit\u00e9 des femmes et \u00e0 mettre en lumi\u00e8re les actions de l\u2019ONUDI pour les soutenir dans leurs efforts d\u2019autonomisation \u00e9conomique.<\/p>\n<p>La 4e r\u00e9union minist\u00e9rielle de l\u2019UpM sur l\u2019emploi et le travail a eu lieu \u00e0 Cascais, au Portugal, les 2 et 3 avril 2019, sous le titre \u00ab\u00a0Emplois, comp\u00e9tences et opportunit\u00e9s pour tous\u00a0\u00bb.<\/p>\n<p>The post <a rel=\"nofollow\" href=\"https:\/\/www.mapmarrakech.ma\/fr\/emploi-m-sekkouri-sentretient-avec-des-responsables-europeens\/\">Emploi: M. Sekkouri s\u2019entretient avec des responsables europ\u00e9ens<\/a> appeared first on <a rel=\"nofollow\" href=\"https:\/\/www.mapmarrakech.ma\/fr\">MapMarrakech<\/a>.<\/p>\n<\/div>\n<p>Auteur: Meriem IGASS<br \/>\n<a href=\"https:\/\/www.mapmarrakech.ma\/fr\/emploi-m-sekkouri-sentretient-avec-des-responsables-europeens\/\">Cliquez ici pour lire l&rsquo;article depuis sa source.<\/a><\/p>\n","protected":false},"excerpt":{"rendered":"<p>Ces entretiens interviennent \u00e0 la veille de l\u2019ouverture des travaux de la 5\u00e8me R\u00e9union minist\u00e9rielle de l\u2019Union pour la M\u00e9diterran\u00e9e (UpM) sur l\u2019emploi et le travail, pr\u00e9vue les 17 et 18 mai courant \u00e0 Marrakech. Dans une d\u00e9claration \u00e0 M24, la chaine t\u00e9l\u00e9vis\u00e9e de l\u2019info en continu de la MAP, M. Chmit a indiqu\u00e9 que [&hellip;]<\/p>\n","protected":false},"author":1788,"featured_media":0,"comment_status":"closed","ping_status":"closed","sticky":false,"template":"","format":"standard","meta":{"fifu_image_url":"https:\/\/www.mapmarrakech.ma\/map\/uploads\/2022\/05\/entretiens-copier.jpg","fifu_image_alt":"Emploi: M. Sekkouri s\u2019entretient avec des responsables europ\u00e9ens","footnotes":""},"categories":[54,76],"tags":[],"class_list":["post-147890","post","type-post","status-publish","format-standard","hentry","category-maroc","category-regions"],"_links":{"self":[{"href":"https:\/\/linitiative.ca\/International\/wp-json\/wp\/v2\/posts\/147890","targetHints":{"allow":["GET"]}}],"collection":[{"href":"https:\/\/linitiative.ca\/International\/wp-json\/wp\/v2\/posts"}],"about":[{"href":"https:\/\/linitiative.ca\/International\/wp-json\/wp\/v2\/types\/post"}],"author":[{"embeddable":true,"href":"https:\/\/linitiative.ca\/International\/wp-json\/wp\/v2\/users\/1788"}],"replies":[{"embeddable":true,"href":"https:\/\/linitiative.ca\/International\/wp-json\/wp\/v2\/comments?post=147890"}],"version-history":[{"count":0,"href":"https:\/\/linitiative.ca\/International\/wp-json\/wp\/v2\/posts\/147890\/revisions"}],"wp:attachment":[{"href":"https:\/\/linitiative.ca\/International\/wp-json\/wp\/v2\/media?parent=147890"}],"wp:term":[{"taxonomy":"category","embeddable":true,"href":"https:\/\/linitiative.ca\/International\/wp-json\/wp\/v2\/categories?post=147890"},{"taxonomy":"post_tag","embeddable":true,"href":"https:\/\/linitiative.ca\/International\/wp-json\/wp\/v2\/tags?post=147890"}],"curies":[{"name":"wp","href":"https:\/\/api.w.org\/{rel}","templated":true}]}}